{"id":489475,"date":"2017-07-21T09:16:20","date_gmt":"2017-07-21T14:16:20","guid":{"rendered":"https:\/\/www.futboltotal.com.mx\/?p=489475"},"modified":"2017-07-21T09:16:20","modified_gmt":"2017-07-21T14:16:20","slug":"salir-cruz-azul-fue-fue-una-decision-correcta-gibran-lajud","status":"publish","type":"post","link":"http:\/\/desarrollo.grupomedios.com\/futbol\/futbol-mexicano\/salir-cruz-azul-fue-fue-una-decision-correcta-gibran-lajud\/2017\/07","title":{"rendered":"Salir de Cruz Azul fue fue una decisi\u00f3n correcta: Gibr\u00e1n Lajud"},"content":{"rendered":"<p>El arquero de <strong>Xolos de Tijuana<\/strong>, <strong>Gibr\u00e1n Lajud<\/strong>, tuvo su momento en <strong>Cruz Azul<\/strong>, sin embargo tuvo que salir de la instituci\u00f3n y hoy es feliz con esa decisi\u00f3n.<\/p>\n<blockquote><p>\u201cSal\u00ed en un buen momento, fue una decisi\u00f3n acertada la que tom\u00e9 en ese momento, no me arrepiento, fue una decisi\u00f3n correcta y estoy contento y\u00a0seguro\u00a0de que fue la mejor decisi\u00f3n y el camino que ten\u00eda que tomar para seguir mi desarrollo&#8221;, indic\u00f3 <strong>Lajud<\/strong> para el <em>diario R\u00e9cord<\/em>.<\/p><\/blockquote>\n<p style=\"text-align: center;\"><span style=\"color: #333399;\"><a style=\"color: #333399;\" href=\"https:\/\/www.futboltotal.com.mx\/2017\/07\/jorge-vergara-prometio-la-treceava-estrella-para-chivas\/\" target=\"_blank\" rel=\"noopener noreferrer\">VER M\u00c1S: Vergara promete la treceava estrella par Chivas<\/a><\/span><\/p>\n<p>\u201cNo me ha pasado por la cabeza en ning\u00fan momento. Regresar a\u00a0<strong>Cruz Azul<\/strong>\u00a0no es algo que me est\u00e9 dando vueltas en la cabeza; estoy muy contento en\u00a0<strong>Tijuana&#8221;<\/strong>, continu\u00f3 el guardameta.<\/p>\n<p>&nbsp;<\/p>\n<p>Lajud indic\u00f3 que <strong>Cruz Azul<\/strong> tiene j\u00f3venes con talento en las fuerzas b\u00e1sicas y solo le falta confiar en ellos.<\/p>\n<p>\u201c<strong>Cruz Azul<\/strong>\u00a0ha generado jugadores de\u00a0Selecci\u00f3n Nacional\u00a0y lo hemos visto ahora en la mayor como\u00a0<strong>Aquino\u00a0<\/strong>o\u00a0<strong>Araujo\u00a0<\/strong>que salieron de las fuerzas b\u00e1sicas y hoy tienen \u00e9xito en otros equipos. Son cuestiones que se manejan en la directiva, pero calidad hay, hace falta empujarlos, nada m\u00e1s\u201d, finaliz\u00f3.<\/p>\n<p style=\"text-align: center;\"><span style=\"color: #333399;\"><a style=\"color: #333399;\" href=\"https:\/\/www.futboltotal.com.mx\/2017\/07\/leverkusen-despide-a-chicharito-crack\/\" target=\"_blank\" rel=\"noopener noreferrer\">VER M\u00c1S: Bayer Leverkusen despide a Chicharito como crack<\/a><\/span><\/p>\n","protected":false},"excerpt":{"rendered":"<p>El guardameta de Xolos estableci\u00f3 que las circunstancias lo llevaron a salir de La M\u00e1quina<\/p>\n","protected":false},"author":20,"featured_media":489430,"comment_status":"closed","ping_status":"closed","sticky":false,"template":"","format":"standard","meta":[],"categories":[2198,3845],"tags":[5962,7856,64,1673],"_links":{"self":[{"href":"http:\/\/desarrollo.grupomedios.com\/futbol\/wp-json\/wp\/v2\/posts\/489475"}],"collection":[{"href":"http:\/\/desarrollo.grupomedios.com\/futbol\/wp-json\/wp\/v2\/posts"}],"about":[{"href":"http:\/\/desarrollo.grupomedios.com\/futbol\/wp-json\/wp\/v2\/types\/post"}],"author":[{"embeddable":true,"href":"http:\/\/desarrollo.grupomedios.com\/futbol\/wp-json\/wp\/v2\/users\/20"}],"replies":[{"embeddable":true,"href":"http:\/\/desarrollo.grupomedios.com\/futbol\/wp-json\/wp\/v2\/comments?post=489475"}],"version-history":[{"count":1,"href":"http:\/\/desarrollo.grupomedios.com\/futbol\/wp-json\/wp\/v2\/posts\/489475\/revisions"}],"predecessor-version":[{"id":489480,"href":"http:\/\/desarrollo.grupomedios.com\/futbol\/wp-json\/wp\/v2\/posts\/489475\/revisions\/489480"}],"wp:featuredmedia":[{"embeddable":true,"href":"http:\/\/desarrollo.grupomedios.com\/futbol\/wp-json\/wp\/v2\/media\/489430"}],"wp:attachment":[{"href":"http:\/\/desarrollo.grupomedios.com\/futbol\/wp-json\/wp\/v2\/media?parent=489475"}],"wp:term":[{"taxonomy":"category","embeddable":true,"href":"http:\/\/desarrollo.grupomedios.com\/futbol\/wp-json\/wp\/v2\/categories?post=489475"},{"taxonomy":"post_tag","embeddable":true,"href":"http:\/\/desarrollo.grupomedios.com\/futbol\/wp-json\/wp\/v2\/tags?post=489475"}],"curies":[{"name":"wp","href":"https:\/\/api.w.org\/{rel}","templated":true}]}}