{"id":489481,"date":"2017-07-21T09:28:57","date_gmt":"2017-07-21T14:28:57","guid":{"rendered":"https:\/\/www.futboltotal.com.mx\/?p=489481"},"modified":"2017-07-21T09:28:57","modified_gmt":"2017-07-21T14:28:57","slug":"quiero-jugar-en-la-seleccion-representar-a-mexico-alustiza","status":"publish","type":"post","link":"http:\/\/desarrollo.grupomedios.com\/futbol\/destacado-home\/quiero-jugar-en-la-seleccion-representar-a-mexico-alustiza\/2017\/07","title":{"rendered":"Quiero jugar en la selecci\u00f3n y representar a M\u00e9xico: Alustiza"},"content":{"rendered":"<p>El delantero del <strong>Atlas<\/strong>, <strong>Mat\u00edas Alustiza<\/strong>, expres\u00f3 que anhela vestir la camiseta de la <strong>Selecci\u00f3n Mexicana<\/strong>.<\/p>\n<blockquote><p>&#8220;Tuve una oportunidad cuando estuve en\u00a0<strong>Puebla<\/strong>,\u00a0<strong>Osorio<\/strong>\u00a0me iba a llevar o al menos sonaba mi nombre, pero en ese momento no pod\u00eda porque ten\u00eda que cumplir cinco a\u00f1os viviendo en el pa\u00eds; hoy ya los cumpl\u00ed. Obviamente ser\u00eda el sue\u00f1o m\u00e1ximo <strong>jugar en la selecci\u00f3n<\/strong> y representar a este pa\u00eds que tanto me ha dado&#8221;, indic\u00f3 el atacante argentino naturalizado mexicano para el <em>diario Marca<\/em>.<\/p><\/blockquote>\n<p style=\"text-align: center;\"><span style=\"color: #333399;\"><a style=\"color: #333399;\" href=\"https:\/\/www.futboltotal.com.mx\/2017\/07\/san-luis-y-nike-presentaron-sus-nuevos-uniformes\/\" target=\"_blank\" rel=\"noopener noreferrer\">VER M\u00c1S: Atl\u00e9tico San Luis presenta su indumentaria con Nike<\/a><\/span><\/p>\n<p><strong>Alustiza<\/strong> estableci\u00f3 que sabe que solo se ganar\u00e1 un lugar en el <strong>Tri<\/strong> con buenas actuaciones con los rojinegros.<\/p>\n<p>&#8220;Ser\u00eda un sue\u00f1o en lo personal, al esfuerzo de tanto trabajo, pero uno tiene que hacer siempre las cosas bien en su club para tratar de tener una oportunidad en la<strong> selecci\u00f3n<\/strong> y esperar, seguir trabajando, so\u00f1ar con el d\u00eda de ma\u00f1ana en poder estar dentro de la <strong>selecci\u00f3n mexicana<\/strong>&#8220;, finaliz\u00f3.<\/p>\n<p style=\"text-align: center;\"><span style=\"color: #333399;\"><a style=\"color: #333399;\" href=\"https:\/\/www.futboltotal.com.mx\/2017\/07\/pumas-lanza-promocion-para-los-peques-del-hogar-ante-pachuca\/\" target=\"_blank\" rel=\"noopener noreferrer\">VER M\u00c1S: Pumas lanza promoci\u00f3n para ni\u00f1os en duelo vs Pachuca<\/a><\/span><\/p>\n","protected":false},"excerpt":{"rendered":"<p>El delantero de los rojinegros se dijo motivado por un posible llamado a la Selecci\u00f3n Mexicana<\/p>\n","protected":false},"author":20,"featured_media":452085,"comment_status":"closed","ping_status":"closed","sticky":false,"template":"","format":"standard","meta":[],"categories":[5,2198,3845,3847],"tags":[5961,710,65,409],"_links":{"self":[{"href":"http:\/\/desarrollo.grupomedios.com\/futbol\/wp-json\/wp\/v2\/posts\/489481"}],"collection":[{"href":"http:\/\/desarrollo.grupomedios.com\/futbol\/wp-json\/wp\/v2\/posts"}],"about":[{"href":"http:\/\/desarrollo.grupomedios.com\/futbol\/wp-json\/wp\/v2\/types\/post"}],"author":[{"embeddable":true,"href":"http:\/\/desarrollo.grupomedios.com\/futbol\/wp-json\/wp\/v2\/users\/20"}],"replies":[{"embeddable":true,"href":"http:\/\/desarrollo.grupomedios.com\/futbol\/wp-json\/wp\/v2\/comments?post=489481"}],"version-history":[{"count":1,"href":"http:\/\/desarrollo.grupomedios.com\/futbol\/wp-json\/wp\/v2\/posts\/489481\/revisions"}],"predecessor-version":[{"id":489483,"href":"http:\/\/desarrollo.grupomedios.com\/futbol\/wp-json\/wp\/v2\/posts\/489481\/revisions\/489483"}],"wp:featuredmedia":[{"embeddable":true,"href":"http:\/\/desarrollo.grupomedios.com\/futbol\/wp-json\/wp\/v2\/media\/452085"}],"wp:attachment":[{"href":"http:\/\/desarrollo.grupomedios.com\/futbol\/wp-json\/wp\/v2\/media?parent=489481"}],"wp:term":[{"taxonomy":"category","embeddable":true,"href":"http:\/\/desarrollo.grupomedios.com\/futbol\/wp-json\/wp\/v2\/categories?post=489481"},{"taxonomy":"post_tag","embeddable":true,"href":"http:\/\/desarrollo.grupomedios.com\/futbol\/wp-json\/wp\/v2\/tags?post=489481"}],"curies":[{"name":"wp","href":"https:\/\/api.w.org\/{rel}","templated":true}]}}