{"id":489489,"date":"2017-07-21T09:54:22","date_gmt":"2017-07-21T14:54:22","guid":{"rendered":"https:\/\/www.futboltotal.com.mx\/?p=489489"},"modified":"2017-07-21T09:54:22","modified_gmt":"2017-07-21T14:54:22","slug":"carlos-salcedo-esta-listo-reportar-eintracht-frankfurt","status":"publish","type":"post","link":"http:\/\/desarrollo.grupomedios.com\/futbol\/futbol-mexicano\/carlos-salcedo-esta-listo-reportar-eintracht-frankfurt\/2017\/07","title":{"rendered":"Carlos Salcedo est\u00e1 listo para reportar con el Eintracht Frankfurt"},"content":{"rendered":"<p>Luego de la lesi\u00f3n que sufri\u00f3 en la<strong> Copa Confederaciones<\/strong>, por la que tuvo que ser operado del hombro izquierdo, <strong>Carlos Salcedo<\/strong> est\u00e1 listo para seguir con su rehabilitaci\u00f3n con el\u00a0<strong>Eintracht Frankfurt<\/strong><\/p>\n<p>De acuerdo con <em>Mediotiempo<\/em>, el zaguero abandon\u00f3 suelo mexicano para reportar con su nuevo equipo y prepararse para disputar la <strong>Bundesliga<\/strong>.<\/p>\n<p style=\"text-align: center;\"><span style=\"color: #333399;\"><a style=\"color: #333399;\" href=\"https:\/\/www.futboltotal.com.mx\/2017\/07\/quiero-jugar-en-la-seleccion-representar-a-mexico-alustiza\/\" target=\"_blank\" rel=\"noopener noreferrer\">VER M\u00c1S: Mat\u00edas Alustiza quiere jugar en la Selecci\u00f3n Mexicana<\/a><\/span><\/p>\n<p>A pesar que a\u00fan no est\u00e1 dado de alta, en las pr\u00f3ximas <strong>dos semanas<\/strong> trabajar\u00e1 en su rehabilitaci\u00f3n para ponerse bajo las \u00f3rdenes del estratega\u00a0<strong>Nico Kovac.<\/strong><\/p>\n<p>Se tiene presupuestado que para inicios del mes de agosto, <strong>Salcedo<\/strong> ya pueda entrenar a la par con el resto del plantel.<\/p>\n<p style=\"text-align: center;\"><span style=\"color: #333399;\"><a style=\"color: #333399;\" href=\"https:\/\/www.futboltotal.com.mx\/2017\/07\/real-madrid-presenta-tercer-uniforme\/\" target=\"_blank\" rel=\"noopener noreferrer\">VER M\u00c1S: Real Madrid presenta su tercer uniforme<\/a><\/span><\/p>\n<p>&nbsp;<\/p>\n","protected":false},"excerpt":{"rendered":"<p>El defensa mexicano se recupera de su lesi\u00f3n en el hombro izquierdo<\/p>\n","protected":false},"author":20,"featured_media":483729,"comment_status":"closed","ping_status":"closed","sticky":false,"template":"","format":"standard","meta":[],"categories":[3839,2198,3847],"tags":[5531,1580,8482],"_links":{"self":[{"href":"http:\/\/desarrollo.grupomedios.com\/futbol\/wp-json\/wp\/v2\/posts\/489489"}],"collection":[{"href":"http:\/\/desarrollo.grupomedios.com\/futbol\/wp-json\/wp\/v2\/posts"}],"about":[{"href":"http:\/\/desarrollo.grupomedios.com\/futbol\/wp-json\/wp\/v2\/types\/post"}],"author":[{"embeddable":true,"href":"http:\/\/desarrollo.grupomedios.com\/futbol\/wp-json\/wp\/v2\/users\/20"}],"replies":[{"embeddable":true,"href":"http:\/\/desarrollo.grupomedios.com\/futbol\/wp-json\/wp\/v2\/comments?post=489489"}],"version-history":[{"count":1,"href":"http:\/\/desarrollo.grupomedios.com\/futbol\/wp-json\/wp\/v2\/posts\/489489\/revisions"}],"predecessor-version":[{"id":489492,"href":"http:\/\/desarrollo.grupomedios.com\/futbol\/wp-json\/wp\/v2\/posts\/489489\/revisions\/489492"}],"wp:featuredmedia":[{"embeddable":true,"href":"http:\/\/desarrollo.grupomedios.com\/futbol\/wp-json\/wp\/v2\/media\/483729"}],"wp:attachment":[{"href":"http:\/\/desarrollo.grupomedios.com\/futbol\/wp-json\/wp\/v2\/media?parent=489489"}],"wp:term":[{"taxonomy":"category","embeddable":true,"href":"http:\/\/desarrollo.grupomedios.com\/futbol\/wp-json\/wp\/v2\/categories?post=489489"},{"taxonomy":"post_tag","embeddable":true,"href":"http:\/\/desarrollo.grupomedios.com\/futbol\/wp-json\/wp\/v2\/tags?post=489489"}],"curies":[{"name":"wp","href":"https:\/\/api.w.org\/{rel}","templated":true}]}}