{"id":489504,"date":"2017-07-21T11:03:10","date_gmt":"2017-07-21T16:03:10","guid":{"rendered":"https:\/\/www.futboltotal.com.mx\/?p=489504"},"modified":"2017-07-21T11:03:10","modified_gmt":"2017-07-21T16:03:10","slug":"chucky-lozano-presentado-oficialmente-psv","status":"publish","type":"post","link":"http:\/\/desarrollo.grupomedios.com\/futbol\/futbol-internacional\/chucky-lozano-presentado-oficialmente-psv\/2017\/07","title":{"rendered":"Chucky Lozano es presentado oficialmente con el PSV"},"content":{"rendered":"<p>El atacante mexicano, <strong>Hirving &#8216;Chucky&#8217; Lozano<\/strong>, fue presentado de manera oficial con el <strong>PSV Eindhoven<\/strong>.<\/p>\n<blockquote><p>&#8220;Obviamente es un gran d\u00eda para m\u00ed.\u00a0El grupo est\u00e1 cuidando muy bien de m\u00ed y tiene una gran cantidad de calidad. Creo que necesito un par de juegos para acostumbrarme\u00a0al f\u00fatbol aqu\u00ed, pero esperamos que sea r\u00e1pido&#8221;, indic\u00f3 el <strong>Chucky<\/strong> durante su presentaci\u00f3n.<\/p><\/blockquote>\n<p style=\"text-align: center;\"><span style=\"color: #333399;\"><a style=\"color: #333399;\" href=\"https:\/\/www.futboltotal.com.mx\/2017\/07\/salir-cruz-azul-fue-fue-una-decision-correcta-gibran-lajud\/\" target=\"_blank\" rel=\"noopener noreferrer\">VER M\u00c1S: &#8220;Salir de Cruz Azul fue una decisi\u00f3n correcta&#8221;<\/a><\/span><\/p>\n<p>Por otro lado, <strong>Lozano<\/strong> expres\u00f3 que en un principio esperaba jugar con el n\u00famero <strong>&#8216;8&#8217;<\/strong>, mismo que utilizaba en <strong>Pachuca<\/strong>, pero al estar ocupado, tuvo que quedarse con el dorsal <strong>&#8217;11&#8217;<\/strong>.<\/p>\n<p>&#8220;Oh, es solo un n\u00famero. No tengo absolutamente ning\u00fan problema con eso. Once est\u00e1 bien&#8221;, declar\u00f3 <strong>Lozano.<\/strong><\/p>\n<blockquote class=\"twitter-video\" data-lang=\"es\">\n<p dir=\"ltr\" lang=\"nl\">De handtekening staat: <a href=\"https:\/\/twitter.com\/HirvingLozano70\">@HirvingLozano70<\/a> is officieel PSV&#8217;er! &#x1f534;\u26aa\ufe0f <a href=\"https:\/\/t.co\/Pi4RDP3OIZ\">pic.twitter.com\/Pi4RDP3OIZ<\/a><\/p>\n<p>\u2014 PSV (@PSV) <a href=\"https:\/\/twitter.com\/PSV\/status\/888412278370041856\">21 de julio de 2017<\/a><\/p><\/blockquote>\n<p><script async src=\"\/\/platform.twitter.com\/widgets.js\" charset=\"utf-8\"><\/script><\/p>\n<p style=\"text-align: center;\"><span style=\"color: #333399;\"><a style=\"color: #333399;\" href=\"https:\/\/www.futboltotal.com.mx\/2017\/07\/barca-rompe-relaciones-con-padre-de-neymar\/\" target=\"_blank\" rel=\"noopener noreferrer\">VER M\u00c1S: Barcelona rompe relaciones con padre de Neymar<\/a><\/span><\/p>\n","protected":false},"excerpt":{"rendered":"<p>El atacante firm\u00f3 oficialmente con el cuadro holand\u00e9s y espera adaptarse al futbol de la Eredivisie<\/p>\n","protected":false},"author":20,"featured_media":489500,"comment_status":"closed","ping_status":"closed","sticky":false,"template":"","format":"standard","meta":[],"categories":[3839],"tags":[6944,4420,9462,3224],"_links":{"self":[{"href":"http:\/\/desarrollo.grupomedios.com\/futbol\/wp-json\/wp\/v2\/posts\/489504"}],"collection":[{"href":"http:\/\/desarrollo.grupomedios.com\/futbol\/wp-json\/wp\/v2\/posts"}],"about":[{"href":"http:\/\/desarrollo.grupomedios.com\/futbol\/wp-json\/wp\/v2\/types\/post"}],"author":[{"embeddable":true,"href":"http:\/\/desarrollo.grupomedios.com\/futbol\/wp-json\/wp\/v2\/users\/20"}],"replies":[{"embeddable":true,"href":"http:\/\/desarrollo.grupomedios.com\/futbol\/wp-json\/wp\/v2\/comments?post=489504"}],"version-history":[{"count":1,"href":"http:\/\/desarrollo.grupomedios.com\/futbol\/wp-json\/wp\/v2\/posts\/489504\/revisions"}],"predecessor-version":[{"id":489505,"href":"http:\/\/desarrollo.grupomedios.com\/futbol\/wp-json\/wp\/v2\/posts\/489504\/revisions\/489505"}],"wp:featuredmedia":[{"embeddable":true,"href":"http:\/\/desarrollo.grupomedios.com\/futbol\/wp-json\/wp\/v2\/media\/489500"}],"wp:attachment":[{"href":"http:\/\/desarrollo.grupomedios.com\/futbol\/wp-json\/wp\/v2\/media?parent=489504"}],"wp:term":[{"taxonomy":"category","embeddable":true,"href":"http:\/\/desarrollo.grupomedios.com\/futbol\/wp-json\/wp\/v2\/categories?post=489504"},{"taxonomy":"post_tag","embeddable":true,"href":"http:\/\/desarrollo.grupomedios.com\/futbol\/wp-json\/wp\/v2\/tags?post=489504"}],"curies":[{"name":"wp","href":"https:\/\/api.w.org\/{rel}","templated":true}]}}