{"id":489539,"date":"2017-07-21T13:02:50","date_gmt":"2017-07-21T18:02:50","guid":{"rendered":"https:\/\/www.futboltotal.com.mx\/?p=489539"},"modified":"2017-07-21T13:54:07","modified_gmt":"2017-07-21T18:54:07","slug":"puebla-caras-nuevas-busca-regularidad","status":"publish","type":"post","link":"http:\/\/desarrollo.grupomedios.com\/futbol\/futbol-mexicano\/puebla-caras-nuevas-busca-regularidad\/2017\/07","title":{"rendered":"Puebla, con caras nuevas en busca de regularidad"},"content":{"rendered":"<p>El cuadro de<strong> La Franja<\/strong>, como cada a\u00f1o, se enfrentar\u00e1 a un cambio de plantel dr\u00e1stico, pues se incorporaron 8 elementos al equipo. Adem\u00e1s, <strong>Puebla<\/strong> no puede dejar de estar pendiente de la tabla de cocientes.<\/p>\n<p><strong>Mois\u00e9s Mu\u00f1oz, Erik Pimentel, Hugo Rodr\u00edguez, Alonso Zamorano, Daniel Guerrero, Jes\u00fas Alonso Esocboza y Jon\u00e1s Guiti\u00e9rrez<\/strong>; adem\u00e1s del estratega, <strong>Rafael \u2018Chiquis\u2019 Garc\u00eda<\/strong>, ser\u00e1n las nuevas caras del cuadro poblano para el Apertura 2017.<\/p>\n<p style=\"text-align: center;\"><span style=\"color: #333399;\"><a style=\"color: #333399;\" href=\"https:\/\/www.futboltotal.com.mx\/2017\/07\/quiero-jugar-en-la-seleccion-representar-a-mexico-alustiza\/\" target=\"_blank\" rel=\"noopener noreferrer\">VER M\u00c1S: Mat\u00edas Alustiza quiere jugar en la Selecci\u00f3n Mexicana<\/a><\/span><\/p>\n<p>Por otro lado, en cuanto a las bajas solo tuvieron dos, <strong>Cristian Campestrini<\/strong> y <strong>Carlos Orrantia<\/strong>, son los jugadores que dejaron las filas de La Franja.<\/p>\n<p style=\"text-align: center;\"><span style=\"color: #333399;\"><a style=\"color: #333399;\" href=\"https:\/\/www.futboltotal.com.mx\/2017\/07\/debut-lobos-buap-en-liga-mx-no-ira-tv-radio-internet\/\" target=\"_blank\" rel=\"noopener noreferrer\">VER M\u00c1S: Lobos BUAP no tendr\u00e1 transmisi\u00f3n de ning\u00fan tipo<\/a><\/span><\/p>\n<p>Para el nuevo torneo querr\u00e1n reivindicar lo hecho en el Clausura 2017, donde quedaron en \u00faltimo lugar de la tabla general. En cuanto al descenso, comenzar\u00e1n la nueva campa\u00f1a por arriba de <strong>Cruz Azul, Quer\u00e9taro, Atlas, Veracruz y Lobos BUAP<\/strong>.<\/p>\n<p>[video_player]https:\/\/player.vimeo.com\/external\/226376057.hd.mp4?s=0cbbb12c0e0146d323b116b7bc4f2266e78c44ec&amp;profile_id=174[\/video_player]<\/p>\n<p>&nbsp;<\/p>\n","protected":false},"excerpt":{"rendered":"<p>El cuadro de La Franja incorpor\u00f3 9 elementos nuevos para encarar el Apertura 2017<\/p>\n","protected":false},"author":20,"featured_media":474399,"comment_status":"closed","ping_status":"closed","sticky":false,"template":"","format":"standard","meta":[],"categories":[2198,3845],"tags":[8357,948,64,5969],"_links":{"self":[{"href":"http:\/\/desarrollo.grupomedios.com\/futbol\/wp-json\/wp\/v2\/posts\/489539"}],"collection":[{"href":"http:\/\/desarrollo.grupomedios.com\/futbol\/wp-json\/wp\/v2\/posts"}],"about":[{"href":"http:\/\/desarrollo.grupomedios.com\/futbol\/wp-json\/wp\/v2\/types\/post"}],"author":[{"embeddable":true,"href":"http:\/\/desarrollo.grupomedios.com\/futbol\/wp-json\/wp\/v2\/users\/20"}],"replies":[{"embeddable":true,"href":"http:\/\/desarrollo.grupomedios.com\/futbol\/wp-json\/wp\/v2\/comments?post=489539"}],"version-history":[{"count":2,"href":"http:\/\/desarrollo.grupomedios.com\/futbol\/wp-json\/wp\/v2\/posts\/489539\/revisions"}],"predecessor-version":[{"id":489546,"href":"http:\/\/desarrollo.grupomedios.com\/futbol\/wp-json\/wp\/v2\/posts\/489539\/revisions\/489546"}],"wp:featuredmedia":[{"embeddable":true,"href":"http:\/\/desarrollo.grupomedios.com\/futbol\/wp-json\/wp\/v2\/media\/474399"}],"wp:attachment":[{"href":"http:\/\/desarrollo.grupomedios.com\/futbol\/wp-json\/wp\/v2\/media?parent=489539"}],"wp:term":[{"taxonomy":"category","embeddable":true,"href":"http:\/\/desarrollo.grupomedios.com\/futbol\/wp-json\/wp\/v2\/categories?post=489539"},{"taxonomy":"post_tag","embeddable":true,"href":"http:\/\/desarrollo.grupomedios.com\/futbol\/wp-json\/wp\/v2\/tags?post=489539"}],"curies":[{"name":"wp","href":"https:\/\/api.w.org\/{rel}","templated":true}]}}