{"id":489547,"date":"2017-07-21T14:07:12","date_gmt":"2017-07-21T19:07:12","guid":{"rendered":"https:\/\/www.futboltotal.com.mx\/?p=489547"},"modified":"2017-07-21T14:07:12","modified_gmt":"2017-07-21T19:07:12","slug":"mateus-uribe-se-despide-atletico-nacional-llegara-a-tigres","status":"publish","type":"post","link":"http:\/\/desarrollo.grupomedios.com\/futbol\/futbol-mexicano\/mateus-uribe-se-despide-atletico-nacional-llegara-a-tigres\/2017\/07","title":{"rendered":"Mateus Uribe se despide de Atl\u00e9tico Nacional; llegar\u00e1 a Tigres"},"content":{"rendered":"<p>La novela entre <strong>Mateus Uribe<\/strong> y <strong>Alt\u00e9tico Nacional<\/strong> lleg\u00f3 a su fin, luego que el futbolista colombiano apareci\u00f3 en un video despidi\u00e9ndose del club y sus aficionados.<\/p>\n<p>En el video publicado por <em>Caracol Radio<\/em>, se muestra al futbolista agradeciendo y argumentando que ha llegado a su carrera una mejor oportunidad; sin embargo, no establece cu\u00e1l ser\u00e1 su destino.<\/p>\n<p style=\"text-align: center;\"><span style=\"color: #333399;\"><a style=\"color: #333399;\" href=\"https:\/\/www.futboltotal.com.mx\/2017\/07\/ex-america-esta-en-busca-equipo\/\" target=\"_blank\" rel=\"noopener noreferrer\">VER M\u00c1S: Ex de Am\u00e9rica est\u00e1 en busca de equipo<\/a><\/span><\/p>\n<p>Por su parte, de acuerdo a una entrevista para <em>El Horizonte<\/em>, <strong>Andr\u00e9s Botero<\/strong>, asegur\u00f3 que <strong>Uribe<\/strong> continuar\u00e1 su carrera en\u00a0M\u00e9xico<\/p>\n<blockquote><p>\u201cEl jugador ya no es de <strong>Atl\u00e9tico Nacional<\/strong>, es de <strong>Tigres<\/strong> (\u2026) no quer\u00eda hacer ning\u00fan comentario hasta que no tuvi\u00e9ramos la negociaci\u00f3n pr\u00e1cticamente del otro lado. Son detalles de contrato, son cosas que se van a resolver\u201d, afirm\u00f3 el directivo.<\/p><\/blockquote>\n<blockquote class=\"twitter-video\" data-lang=\"es\">\n<p dir=\"ltr\" lang=\"es\">\u00a1Te tengo que decir adi\u00f3s! Matheus Uribe se despide de Atl\u00e9tico Nacional<\/p>\n<p>&#x1f449;: <a href=\"https:\/\/t.co\/WneTYyWRHT\">https:\/\/t.co\/WneTYyWRHT<\/a> <a href=\"https:\/\/t.co\/OgtU9O7saN\">pic.twitter.com\/OgtU9O7saN<\/a><\/p>\n<p>\u2014 Alargue Caracol (@AlargueCaracol) <a href=\"https:\/\/twitter.com\/AlargueCaracol\/status\/888139041383886856\">20 de julio de 2017<\/a><\/p><\/blockquote>\n<p><script async src=\"\/\/platform.twitter.com\/widgets.js\" charset=\"utf-8\"><\/script><\/p>\n<p><iframe loading=\"lazy\" src=\"https:\/\/www.youtube.com\/embed\/YUVcbOpJuM8?feature=oembed\" frameborder=\"0\" allowfullscreen><\/iframe><\/p>\n<p style=\"text-align: center;\"><span style=\"color: #333399;\"><a style=\"color: #333399;\" href=\"https:\/\/www.futboltotal.com.mx\/2017\/07\/matias-britos-se-despide-pumas-emotivo-video\/\" target=\"_blank\" rel=\"noopener noreferrer\">VER M\u00c1S: Mat\u00edas Britos se despide de Pumas con emotivo video<\/a><\/span><\/p>\n","protected":false},"excerpt":{"rendered":"<p>El colombiano se despidi\u00f3 de la afici\u00f3n verdolaga; su nuevo destino est\u00e1 en M\u00e9xico con los felinos<\/p>\n","protected":false},"author":20,"featured_media":485922,"comment_status":"closed","ping_status":"closed","sticky":false,"template":"","format":"standard","meta":[],"categories":[2198,3845],"tags":[2075,9184,5973],"_links":{"self":[{"href":"http:\/\/desarrollo.grupomedios.com\/futbol\/wp-json\/wp\/v2\/posts\/489547"}],"collection":[{"href":"http:\/\/desarrollo.grupomedios.com\/futbol\/wp-json\/wp\/v2\/posts"}],"about":[{"href":"http:\/\/desarrollo.grupomedios.com\/futbol\/wp-json\/wp\/v2\/types\/post"}],"author":[{"embeddable":true,"href":"http:\/\/desarrollo.grupomedios.com\/futbol\/wp-json\/wp\/v2\/users\/20"}],"replies":[{"embeddable":true,"href":"http:\/\/desarrollo.grupomedios.com\/futbol\/wp-json\/wp\/v2\/comments?post=489547"}],"version-history":[{"count":1,"href":"http:\/\/desarrollo.grupomedios.com\/futbol\/wp-json\/wp\/v2\/posts\/489547\/revisions"}],"predecessor-version":[{"id":489548,"href":"http:\/\/desarrollo.grupomedios.com\/futbol\/wp-json\/wp\/v2\/posts\/489547\/revisions\/489548"}],"wp:featuredmedia":[{"embeddable":true,"href":"http:\/\/desarrollo.grupomedios.com\/futbol\/wp-json\/wp\/v2\/media\/485922"}],"wp:attachment":[{"href":"http:\/\/desarrollo.grupomedios.com\/futbol\/wp-json\/wp\/v2\/media?parent=489547"}],"wp:term":[{"taxonomy":"category","embeddable":true,"href":"http:\/\/desarrollo.grupomedios.com\/futbol\/wp-json\/wp\/v2\/categories?post=489547"},{"taxonomy":"post_tag","embeddable":true,"href":"http:\/\/desarrollo.grupomedios.com\/futbol\/wp-json\/wp\/v2\/tags?post=489547"}],"curies":[{"name":"wp","href":"https:\/\/api.w.org\/{rel}","templated":true}]}}