{"id":489552,"date":"2017-07-21T14:53:49","date_gmt":"2017-07-21T19:53:49","guid":{"rendered":"https:\/\/www.futboltotal.com.mx\/?p=489552"},"modified":"2017-07-21T14:53:49","modified_gmt":"2017-07-21T19:53:49","slug":"abraham-gonzalez-celebra-fichajes-europeos-de-liga-mx","status":"publish","type":"post","link":"http:\/\/desarrollo.grupomedios.com\/futbol\/futbol-mexicano\/abraham-gonzalez-celebra-fichajes-europeos-de-liga-mx\/2017\/07","title":{"rendered":"Abraham Gonz\u00e1lez celebra fichajes &#8220;europeos&#8221; para Liga Mx"},"content":{"rendered":"<p><span id=\"ctl14_lblMostra\">El centrocampista espa\u00f1ol <strong>Abraham Gonz\u00e1lez<\/strong>, de los <strong>Pumas de la UNAM<\/strong>, calific\u00f3 hoy de &#8220;muy bueno&#8221; que el f\u00fatbol mexicano voltee hacia el mercado de Europa para contratar jugadores ya que ello ayudar\u00e1 a que la liga local sea todav\u00eda m\u00e1s seguida en el Viejo Continente.<\/p>\n<p>Gonz\u00e1lez y su compatriota <a href=\"https:\/\/www.futboltotal.com.mx\/2017\/07\/comienzan-las-malas-noticias-para-cruz-azul\/\" target=\"_blank\" rel=\"noopener noreferrer\"><strong>Edgar M\u00e9ndez<\/strong><\/a>, del Cruz Azul, son los dos espa\u00f1oles que jugar\u00e1n el Apertura 2017 que se inicia este viernes, mientras que el otro europeo es el goleador franc\u00e9s <strong>Andr\u00e9 Pierre Gignac<\/strong>, del Tigres, el jugador estelar de la liga.<\/p>\n<p>&#8220;Es bueno que M\u00e9xico se fije en el mercado europeo para que la liga se siga mucho m\u00e1s por all\u00e1 y la verdad es que (los equipos) est\u00e1n acertando en ese aspecto&#8221;, dijo Gonz\u00e1lez en rueda de prensa tras la pr\u00e1ctica de este viernes en el estadio Ol\u00edmpico M\u00e9xico 68.<br \/>\n<\/span><span id=\"ctl14_lblMostra\"><\/span><\/p>\n<p style=\"text-align: center;\"><span style=\"color: #333399;\"><a style=\"color: #333399;\" href=\"https:\/\/www.futboltotal.com.mx\/2017\/07\/didier-drogba-confiesa-america-lo-busco\/\" target=\"_blank\" rel=\"noopener noreferrer\">VER M\u00c1S: <span class=\"item-title\">Didier Drogba confiesa que Am\u00e9rica s\u00ed lo busc\u00f3<\/span><\/a><\/span><\/p>\n<p><span id=\"ctl14_lblMostra\">Para el Apertura 2017 llegaron desde Europa el japon\u00e9s <a href=\"https:\/\/www.futboltotal.com.mx\/2017\/07\/aguirre-influyo-en-el-fichaje-de-honda-con-pachuca\/\" target=\"_blank\" rel=\"noopener noreferrer\"><strong>Keisuke Honda<\/strong><\/a> (al Pachuca) y los argentinos Juan Pablo Carrizo (al Monterrey) y Santiago Garc\u00eda (al Toluca).<\/p>\n<p>Los dos primero vienen de la Serie A de Italia y el tercero, de la Bundesliga alemana.<\/p>\n<p>Gonz\u00e1lez, exjugador del Espanyol de Barcelona, asegur\u00f3 que cuando lleg\u00f3 a M\u00e9xico hace un a\u00f1o la liga lo sorprendi\u00f3 &#8220;para bien porque es muy pareja&#8221;.<br \/>\n<\/span><\/p>\n<p style=\"text-align: center;\"><span style=\"color: #333399;\"><a style=\"color: #333399;\" href=\"https:\/\/www.futboltotal.com.mx\/2017\/07\/las-exigencias-de-keisuke-honda-para-fichar-con-pachuca\/\" target=\"_blank\" rel=\"noopener noreferrer\">VER M\u00c1S: <span class=\"item-title\">Las exigencias de Keisuke Honda para fichar con Pachuca<\/span><\/a><\/span><\/p>\n<p><span id=\"ctl14_lblMostra\">&#8220;En otras ligas de Europa hay equipos muy buenos, pero no est\u00e1n tan igualadas. En M\u00e9xico cualquiera le puede ganar a cualquiera y cualquiera puede entrar al &#8216;playoff&#8217; (liguilla por el t\u00edtulo) y eso es muy bueno&#8221;, apunt\u00f3.<\/p>\n<p>El espa\u00f1ol de 31 a\u00f1os cumplir\u00e1 su tercer torneo en M\u00e9xico en el que espera que su equipo recupere el protagonismo que mostr\u00f3 cuando lleg\u00f3 para el Apertura 2016, cuando sum\u00f3 27 puntos de 51 posibles y avanz\u00f3 a la fase final por el t\u00edtulo.<\/p>\n<p><\/span><\/p>\n","protected":false},"excerpt":{"rendered":"<p>El mediocampista de los Pumas destac\u00f3 que es &#8220;muy bueno&#8221; que los equipos mexicanos volteen hacia el mercado de Europa<\/p>\n","protected":false},"author":144,"featured_media":489555,"comment_status":"closed","ping_status":"closed","sticky":false,"template":"","format":"standard","meta":[],"categories":[2198,3845],"tags":[8582,5564,9064,9464,64],"_links":{"self":[{"href":"http:\/\/desarrollo.grupomedios.com\/futbol\/wp-json\/wp\/v2\/posts\/489552"}],"collection":[{"href":"http:\/\/desarrollo.grupomedios.com\/futbol\/wp-json\/wp\/v2\/posts"}],"about":[{"href":"http:\/\/desarrollo.grupomedios.com\/futbol\/wp-json\/wp\/v2\/types\/post"}],"author":[{"embeddable":true,"href":"http:\/\/desarrollo.grupomedios.com\/futbol\/wp-json\/wp\/v2\/users\/144"}],"replies":[{"embeddable":true,"href":"http:\/\/desarrollo.grupomedios.com\/futbol\/wp-json\/wp\/v2\/comments?post=489552"}],"version-history":[{"count":1,"href":"http:\/\/desarrollo.grupomedios.com\/futbol\/wp-json\/wp\/v2\/posts\/489552\/revisions"}],"predecessor-version":[{"id":489556,"href":"http:\/\/desarrollo.grupomedios.com\/futbol\/wp-json\/wp\/v2\/posts\/489552\/revisions\/489556"}],"wp:featuredmedia":[{"embeddable":true,"href":"http:\/\/desarrollo.grupomedios.com\/futbol\/wp-json\/wp\/v2\/media\/489555"}],"wp:attachment":[{"href":"http:\/\/desarrollo.grupomedios.com\/futbol\/wp-json\/wp\/v2\/media?parent=489552"}],"wp:term":[{"taxonomy":"category","embeddable":true,"href":"http:\/\/desarrollo.grupomedios.com\/futbol\/wp-json\/wp\/v2\/categories?post=489552"},{"taxonomy":"post_tag","embeddable":true,"href":"http:\/\/desarrollo.grupomedios.com\/futbol\/wp-json\/wp\/v2\/tags?post=489552"}],"curies":[{"name":"wp","href":"https:\/\/api.w.org\/{rel}","templated":true}]}}