{"id":489554,"date":"2017-07-21T14:54:29","date_gmt":"2017-07-21T19:54:29","guid":{"rendered":"https:\/\/www.futboltotal.com.mx\/?p=489554"},"modified":"2017-07-21T14:54:29","modified_gmt":"2017-07-21T19:54:29","slug":"xolos-a-consumar-proceso-titulo","status":"publish","type":"post","link":"http:\/\/desarrollo.grupomedios.com\/futbol\/futbol-mexicano\/xolos-a-consumar-proceso-titulo\/2017\/07","title":{"rendered":"Xolos, a consumar el proceso con un t\u00edtulo"},"content":{"rendered":"<p>El cuadro de <strong>Xolos de Tijuana<\/strong> buscar\u00e1n consolidar el proyecto, pues en el <strong>Apertura 2016<\/strong> y <strong>Clausura 2017<\/strong> terminaron como primeros de la tabla general, sin embargo, en ambos torneos se fueron con las manos vac\u00edas.<\/p>\n<p style=\"text-align: center;\"><span style=\"color: #333399;\"><a style=\"color: #333399;\" href=\"https:\/\/www.futboltotal.com.mx\/2017\/07\/didier-drogba-confiesa-america-lo-busco\/\" target=\"_blank\" rel=\"noopener noreferrer\">VER M\u00c1S: Didier Drogba confiesa que Am\u00e9rica lo busc\u00f3<\/a><\/span><\/p>\n<p>Una de sus principales bajas es la de DT, pues se quedaron sin <strong>Miguel \u2018Piojo\u2019 Herrera<\/strong>, a esta, se suman las de; <strong>Milton Caraglio, Avil\u00e9s Hurtado, Guido Rodr\u00edguez, Juan Carlos Medina y Carlos Vargas.<\/strong><\/p>\n<p>Sin embargo, los de Tijuana tambi\u00e9n realizaron incorporaciones interesantes; <strong>Mauricio Cuero, Dami\u00e1n Musto, Mat\u00edas Aguirregaray, Antonio Rodr\u00edguez, Alejandro Donatti, Enzo Kalinski, Luis \u00c1ngel Mendoza y Gustavo Bou<\/strong>,\u00a0adem\u00e1s del estratega <strong>Eduardo Coudet,\u00a0<\/strong>son los nuevos elementos que buscar\u00e1n llevarse el t\u00edtulo de una vez por todas.<\/p>\n<p>[video_player]https:\/\/player.vimeo.com\/external\/226444525.hd.mp4?s=8e4e1b3a7ac7013c8f07f95ec8b7a33a8d2c8245&amp;profile_id=174[\/video_player]<\/p>\n","protected":false},"excerpt":{"rendered":"<p>El cuadro fronterizo lleva dos torneos consecutivos llev\u00e1ndose el primer lugar en la tabla general<\/p>\n","protected":false},"author":20,"featured_media":488520,"comment_status":"closed","ping_status":"closed","sticky":false,"template":"","format":"standard","meta":[],"categories":[7570,2198,3845],"tags":[8357,64,5974,1673],"_links":{"self":[{"href":"http:\/\/desarrollo.grupomedios.com\/futbol\/wp-json\/wp\/v2\/posts\/489554"}],"collection":[{"href":"http:\/\/desarrollo.grupomedios.com\/futbol\/wp-json\/wp\/v2\/posts"}],"about":[{"href":"http:\/\/desarrollo.grupomedios.com\/futbol\/wp-json\/wp\/v2\/types\/post"}],"author":[{"embeddable":true,"href":"http:\/\/desarrollo.grupomedios.com\/futbol\/wp-json\/wp\/v2\/users\/20"}],"replies":[{"embeddable":true,"href":"http:\/\/desarrollo.grupomedios.com\/futbol\/wp-json\/wp\/v2\/comments?post=489554"}],"version-history":[{"count":1,"href":"http:\/\/desarrollo.grupomedios.com\/futbol\/wp-json\/wp\/v2\/posts\/489554\/revisions"}],"predecessor-version":[{"id":489557,"href":"http:\/\/desarrollo.grupomedios.com\/futbol\/wp-json\/wp\/v2\/posts\/489554\/revisions\/489557"}],"wp:featuredmedia":[{"embeddable":true,"href":"http:\/\/desarrollo.grupomedios.com\/futbol\/wp-json\/wp\/v2\/media\/488520"}],"wp:attachment":[{"href":"http:\/\/desarrollo.grupomedios.com\/futbol\/wp-json\/wp\/v2\/media?parent=489554"}],"wp:term":[{"taxonomy":"category","embeddable":true,"href":"http:\/\/desarrollo.grupomedios.com\/futbol\/wp-json\/wp\/v2\/categories?post=489554"},{"taxonomy":"post_tag","embeddable":true,"href":"http:\/\/desarrollo.grupomedios.com\/futbol\/wp-json\/wp\/v2\/tags?post=489554"}],"curies":[{"name":"wp","href":"https:\/\/api.w.org\/{rel}","templated":true}]}}