{"id":489558,"date":"2017-07-21T15:38:15","date_gmt":"2017-07-21T20:38:15","guid":{"rendered":"https:\/\/www.futboltotal.com.mx\/?p=489558"},"modified":"2017-07-21T15:38:15","modified_gmt":"2017-07-21T20:38:15","slug":"gareth-bale-frustrado-lesiones-real-madrid","status":"publish","type":"post","link":"http:\/\/desarrollo.grupomedios.com\/futbol\/futbol-internacional\/gareth-bale-frustrado-lesiones-real-madrid\/2017\/07","title":{"rendered":"Gareth Bale, frustrado por lesiones con Real Madrid"},"content":{"rendered":"<p>El futbolista gal\u00e9s <strong>Gareth Bale<\/strong> afirm\u00f3 que se siente &#8220;frustrado&#8221; de no poder disputar todas las competiciones con el <strong>Real Madrid<\/strong> por las lesiones que lo han aquejado en el \u00faltimo a\u00f1o.<\/p>\n<p>La lesi\u00f3n del tobillo que sufri\u00f3 el delantero del <strong>Real Madrid<\/strong> no ha sanado al cien por ciento, y esto no ha permitido a Bale poder jugar con regularidad, y eso lo ha puesto incluso en la lista de los posibles transferibles para la siguiente campa\u00f1a.<\/p>\n<p style=\"text-align: center;\"><span style=\"color: #333399;\"><a style=\"color: #333399;\" href=\"https:\/\/www.futboltotal.com.mx\/2017\/07\/atletico-madrid-presenta-sus-nuevas-equipaciones\/\" target=\"_blank\" rel=\"noopener noreferrer\">VER M\u00c1S: <span class=\"item-title\">Atl\u00e9tico de Madrid presenta sus nuevas equipaciones<\/span><\/a><\/span><\/p>\n<p>&#8220;La temporada pasada fue muy frustrante, tuve un buen inicio pero llegaron las lesiones. Tuve que operarme y tard\u00e9 m\u00e1s tiempo del esperado en recuperarme. Ahora, me he entrenado muy bien y espero estar listo para el siguiente campeonato&#8221;, se\u00f1al\u00f3 Bale a la cadena ESPN.<\/p>\n<p>El <strong>Real Madrid<\/strong> comenzar\u00e1 el torneo visitando al Deportivo La Coru\u00f1a en la Liga de Espa\u00f1a.<\/p>\n<p style=\"text-align: center;\"><span style=\"color: #333399;\"><a style=\"color: #333399;\" href=\"https:\/\/www.futboltotal.com.mx\/2017\/07\/chucky-lozano-presentado-oficialmente-psv\/\" target=\"_blank\" rel=\"noopener noreferrer\">VER M\u00c1S: <span class=\"item-title\">Chucky Lozano es presentado oficialmente con el PSV<\/span><\/a><\/span><\/p>\n","protected":false},"excerpt":{"rendered":"<p>El futbolista gal\u00e9s declar\u00f3 que se ha preparado al cien por ciento para ya no sufrir tanto de lesiones<\/p>\n","protected":false},"author":20,"featured_media":489565,"comment_status":"closed","ping_status":"closed","sticky":false,"template":"","format":"standard","meta":[],"categories":[3839,3844],"tags":[6043,5988],"_links":{"self":[{"href":"http:\/\/desarrollo.grupomedios.com\/futbol\/wp-json\/wp\/v2\/posts\/489558"}],"collection":[{"href":"http:\/\/desarrollo.grupomedios.com\/futbol\/wp-json\/wp\/v2\/posts"}],"about":[{"href":"http:\/\/desarrollo.grupomedios.com\/futbol\/wp-json\/wp\/v2\/types\/post"}],"author":[{"embeddable":true,"href":"http:\/\/desarrollo.grupomedios.com\/futbol\/wp-json\/wp\/v2\/users\/20"}],"replies":[{"embeddable":true,"href":"http:\/\/desarrollo.grupomedios.com\/futbol\/wp-json\/wp\/v2\/comments?post=489558"}],"version-history":[{"count":1,"href":"http:\/\/desarrollo.grupomedios.com\/futbol\/wp-json\/wp\/v2\/posts\/489558\/revisions"}],"predecessor-version":[{"id":489566,"href":"http:\/\/desarrollo.grupomedios.com\/futbol\/wp-json\/wp\/v2\/posts\/489558\/revisions\/489566"}],"wp:featuredmedia":[{"embeddable":true,"href":"http:\/\/desarrollo.grupomedios.com\/futbol\/wp-json\/wp\/v2\/media\/489565"}],"wp:attachment":[{"href":"http:\/\/desarrollo.grupomedios.com\/futbol\/wp-json\/wp\/v2\/media?parent=489558"}],"wp:term":[{"taxonomy":"category","embeddable":true,"href":"http:\/\/desarrollo.grupomedios.com\/futbol\/wp-json\/wp\/v2\/categories?post=489558"},{"taxonomy":"post_tag","embeddable":true,"href":"http:\/\/desarrollo.grupomedios.com\/futbol\/wp-json\/wp\/v2\/tags?post=489558"}],"curies":[{"name":"wp","href":"https:\/\/api.w.org\/{rel}","templated":true}]}}