{"id":489582,"date":"2017-07-21T19:50:05","date_gmt":"2017-07-22T00:50:05","guid":{"rendered":"https:\/\/www.futboltotal.com.mx\/?p=489582"},"modified":"2017-07-21T19:50:05","modified_gmt":"2017-07-22T00:50:05","slug":"raul-gudino-cerca-del-futbol-holandes","status":"publish","type":"post","link":"http:\/\/desarrollo.grupomedios.com\/futbol\/futbol-internacional\/raul-gudino-cerca-del-futbol-holandes\/2017\/07","title":{"rendered":"Ra\u00fal Gudi\u00f1o cerca del futbol holand\u00e9s"},"content":{"rendered":"<p>El arquero mexicano, <strong>Ra\u00fal Gudi\u00f1o<\/strong> estar\u00eda saliendo del equipo del Porto en busca de sumar minutos en Primera Divisi\u00f3n, el equipo interesado en el jugador azteca ser\u00eda el <strong>Vitesse<\/strong> de la Eredivisie. El joven de 21 a\u00f1os, se ir\u00eda un a\u00f1o a pr\u00e9stamo.<\/p>\n<p><strong>Gudi\u00f1o<\/strong> jugar\u00eda en su tercer equipo en Europa, luego de estar tambi\u00e9n a pr\u00e9stamo en el Uniao da Madeira, donde fue titular pero sali\u00f3 con varios problemas extra cancha al ser acusado de ama\u00f1o de partidos, tras cometer varios errores con el club portugu\u00e9s.<\/p>\n<p style=\"text-align: center;\"><span style=\"color: #0000ff;\"><a style=\"color: #0000ff;\" href=\"https:\/\/www.futboltotal.com.mx\/2017\/07\/quiero-jugar-en-la-seleccion-representar-a-mexico-alustiza\/\" target=\"_blank\" rel=\"noopener noreferrer\">VER M\u00c1S: Futbolista argentino se ofrece para jugar con la Selecci\u00f3n Mexicana<\/a><\/span><\/p>\n<p>Seg\u00fan informaci\u00f3n del diario R\u00e9cord, el mexicano estar\u00eda viajando a Holanda este fin de semana para realizar los ex\u00e1menes m\u00e9dicos y finiquitar su pase con el equipo negro y amarillo.<\/p>\n<p>El arquero del Porto, llegar\u00eda a pelear la titularidad que estar\u00eda dejando el arquero de Curazao, Eloy Room de quien se habla que es buscado por el Everton de Inglaterra y el Deportivo la Coru\u00f1a de Espa\u00f1a.\u00a0Ra\u00fal <strong>Gudi\u00f1o<\/strong> tiene contrato con los Dragones hasta el 2020.<\/p>\n<p style=\"text-align: center;\"><span style=\"color: #0000ff;\"><a style=\"color: #0000ff;\" href=\"https:\/\/www.futboltotal.com.mx\/2017\/07\/leonel-vangioni-nuevo-refuerzo-rayados\/\" target=\"_blank\" rel=\"noopener noreferrer\">VER M\u00c1S: Monterrey hace oficial su refuerzo, directo del Mil\u00e1n<\/a><\/span><\/p>\n","protected":false},"excerpt":{"rendered":"<p>El arquero mexicano saldr\u00eda en busca de tener minutos en Primera Divisi\u00f3n.<\/p>\n","protected":false},"author":20,"featured_media":489586,"comment_status":"closed","ping_status":"closed","sticky":false,"template":"","format":"standard","meta":[],"categories":[7740,3839,7709,6718],"tags":[4420,5795,1208,2096],"_links":{"self":[{"href":"http:\/\/desarrollo.grupomedios.com\/futbol\/wp-json\/wp\/v2\/posts\/489582"}],"collection":[{"href":"http:\/\/desarrollo.grupomedios.com\/futbol\/wp-json\/wp\/v2\/posts"}],"about":[{"href":"http:\/\/desarrollo.grupomedios.com\/futbol\/wp-json\/wp\/v2\/types\/post"}],"author":[{"embeddable":true,"href":"http:\/\/desarrollo.grupomedios.com\/futbol\/wp-json\/wp\/v2\/users\/20"}],"replies":[{"embeddable":true,"href":"http:\/\/desarrollo.grupomedios.com\/futbol\/wp-json\/wp\/v2\/comments?post=489582"}],"version-history":[{"count":1,"href":"http:\/\/desarrollo.grupomedios.com\/futbol\/wp-json\/wp\/v2\/posts\/489582\/revisions"}],"predecessor-version":[{"id":489587,"href":"http:\/\/desarrollo.grupomedios.com\/futbol\/wp-json\/wp\/v2\/posts\/489582\/revisions\/489587"}],"wp:featuredmedia":[{"embeddable":true,"href":"http:\/\/desarrollo.grupomedios.com\/futbol\/wp-json\/wp\/v2\/media\/489586"}],"wp:attachment":[{"href":"http:\/\/desarrollo.grupomedios.com\/futbol\/wp-json\/wp\/v2\/media?parent=489582"}],"wp:term":[{"taxonomy":"category","embeddable":true,"href":"http:\/\/desarrollo.grupomedios.com\/futbol\/wp-json\/wp\/v2\/categories?post=489582"},{"taxonomy":"post_tag","embeddable":true,"href":"http:\/\/desarrollo.grupomedios.com\/futbol\/wp-json\/wp\/v2\/tags?post=489582"}],"curies":[{"name":"wp","href":"https:\/\/api.w.org\/{rel}","templated":true}]}}