{"id":489601,"date":"2017-07-22T19:31:27","date_gmt":"2017-07-23T00:31:27","guid":{"rendered":"https:\/\/www.futboltotal.com.mx\/?p=489601"},"modified":"2017-07-22T20:55:23","modified_gmt":"2017-07-23T01:55:23","slug":"en-vivo-leon-vs-atlas-apertura-2017-liga-mx-jornada-1","status":"publish","type":"post","link":"http:\/\/desarrollo.grupomedios.com\/futbol\/futbol-mexicano\/en-vivo-leon-vs-atlas-apertura-2017-liga-mx-jornada-1\/2017\/07","title":{"rendered":"AS\u00cd SE VIVI\u00d3 | Le\u00f3n 0-3 Atlas | Apertura 2017"},"content":{"rendered":"<p style=\"text-align: center;\"><span style=\"color: #333399;\"><a style=\"color: #333399;\" href=\"https:\/\/en-vivo.futboltotal.com.mx\/partido\/leon-vs-atlas-jornada-1-apertura-2017\/145\/\" target=\"_blank\" rel=\"noopener noreferrer\">SIGUE AQU\u00cd EN VIVO EL LE\u00d3N-ATLAS EN PUNTO DE LAS 19:06 HORAS.<\/a><\/span><\/p>\n<p>Los Esmeraldas de <strong>Le\u00f3n<\/strong> comienzan una nueva temporada con el juego en su casa frente a los <em>Rojinegros<\/em> del Atlas.<\/p>\n<p><strong>Le\u00f3n<\/strong> buscar\u00e1 volver a los primeros planos, despu\u00e9s de que la temporada pasada se quedara fuera de la liguilla.<\/p>\n<p>Mientras que <strong>Atlas<\/strong> intentar\u00e1 repetir el buen torneo que tuvieron la campa\u00f1a anterior, donde se metieron a fases finales, y de la mano del &#8216;Profe&#8217; Cruz y Mat\u00edas Alustiza no ser\u00e1n un rival f\u00e1cil para nadie.<\/p>\n<p style=\"text-align: center;\"><span style=\"color: #333399;\"><a style=\"color: #333399;\" href=\"https:\/\/en-vivo.futboltotal.com.mx\/partido\/leon-vs-atlas-jornada-1-apertura-2017\/145\/\" target=\"_blank\" rel=\"noopener noreferrer\">SIGUE AQU\u00cd EN VIVO EL LE\u00d3N-ATLAS EN PUNTO DE LAS 19:06 HORAS.<\/a><\/span><\/p>\n","protected":false},"excerpt":{"rendered":"<p>&#8216;La Fiera&#8217; recibe la visita de los &#8216;Zorros&#8217; en el duelo que se jugar\u00e1 el s\u00e1bado por la noche<\/p>\n","protected":false},"author":20,"featured_media":489723,"comment_status":"closed","ping_status":"closed","sticky":false,"template":"","format":"standard","meta":[],"categories":[2198,3845],"tags":[8357,5961,5965],"_links":{"self":[{"href":"http:\/\/desarrollo.grupomedios.com\/futbol\/wp-json\/wp\/v2\/posts\/489601"}],"collection":[{"href":"http:\/\/desarrollo.grupomedios.com\/futbol\/wp-json\/wp\/v2\/posts"}],"about":[{"href":"http:\/\/desarrollo.grupomedios.com\/futbol\/wp-json\/wp\/v2\/types\/post"}],"author":[{"embeddable":true,"href":"http:\/\/desarrollo.grupomedios.com\/futbol\/wp-json\/wp\/v2\/users\/20"}],"replies":[{"embeddable":true,"href":"http:\/\/desarrollo.grupomedios.com\/futbol\/wp-json\/wp\/v2\/comments?post=489601"}],"version-history":[{"count":7,"href":"http:\/\/desarrollo.grupomedios.com\/futbol\/wp-json\/wp\/v2\/posts\/489601\/revisions"}],"predecessor-version":[{"id":489739,"href":"http:\/\/desarrollo.grupomedios.com\/futbol\/wp-json\/wp\/v2\/posts\/489601\/revisions\/489739"}],"wp:featuredmedia":[{"embeddable":true,"href":"http:\/\/desarrollo.grupomedios.com\/futbol\/wp-json\/wp\/v2\/media\/489723"}],"wp:attachment":[{"href":"http:\/\/desarrollo.grupomedios.com\/futbol\/wp-json\/wp\/v2\/media?parent=489601"}],"wp:term":[{"taxonomy":"category","embeddable":true,"href":"http:\/\/desarrollo.grupomedios.com\/futbol\/wp-json\/wp\/v2\/categories?post=489601"},{"taxonomy":"post_tag","embeddable":true,"href":"http:\/\/desarrollo.grupomedios.com\/futbol\/wp-json\/wp\/v2\/tags?post=489601"}],"curies":[{"name":"wp","href":"https:\/\/api.w.org\/{rel}","templated":true}]}}