{"id":489607,"date":"2017-07-21T19:30:37","date_gmt":"2017-07-22T00:30:37","guid":{"rendered":"https:\/\/www.futboltotal.com.mx\/?p=489607"},"modified":"2017-07-21T22:46:11","modified_gmt":"2017-07-22T03:46:11","slug":"aldo-rocha-baja-dos-meses-por-fractura-de-quinto-metatarsiano","status":"publish","type":"post","link":"http:\/\/desarrollo.grupomedios.com\/futbol\/destacado-home\/aldo-rocha-baja-dos-meses-por-fractura-de-quinto-metatarsiano\/2017\/07","title":{"rendered":"Aldo Rocha ser\u00eda baja dos meses por fractura durante el Monarcas-Monterrey"},"content":{"rendered":"<p>El futbolista de Monarcas Morelia <strong>Aldo Rocha<\/strong> sufri\u00f3 fractura del quinto metatarsiano y ser\u00eda operado con lo que estar\u00eda de baja por dos meses y medio.<\/p>\n<p>El t\u00e9cnico Roberto Hern\u00e1ndez calific\u00f3 como &#8220;lamentable&#8221; la lesi\u00f3n que sufri\u00f3 el futbolista durante el juego entre <strong>Monarcas<\/strong> y Monterrey.<\/p>\n<p>Durante la noche se le har\u00e1 la valoraci\u00f3n y en las pr\u00f3ximas horas se dar\u00eda a conocer la resoluci\u00f3n final sobre la lesi\u00f3n del jugador.<\/p>\n<p style=\"text-align: center;\"><span style=\"color: #333399;\"><a style=\"color: #333399;\" href=\"https:\/\/www.futboltotal.com.mx\/2017\/07\/morelia-y-monterrey-igualan-sin-goles\/\">VER M\u00c1S: <span class=\"item-title\">Monarcas y Monterrey igualan sin goles en el Morelos<\/span><\/a><\/span><\/p>\n<p>&nbsp;<\/p>\n","protected":false},"excerpt":{"rendered":"<p>El futbolista michoacano ser\u00eda operado y se perder\u00eda la mitad del torneo<\/p>\n","protected":false},"author":20,"featured_media":489608,"comment_status":"closed","ping_status":"closed","sticky":false,"template":"","format":"standard","meta":[],"categories":[5,2198,3845],"tags":[9469,5967],"_links":{"self":[{"href":"http:\/\/desarrollo.grupomedios.com\/futbol\/wp-json\/wp\/v2\/posts\/489607"}],"collection":[{"href":"http:\/\/desarrollo.grupomedios.com\/futbol\/wp-json\/wp\/v2\/posts"}],"about":[{"href":"http:\/\/desarrollo.grupomedios.com\/futbol\/wp-json\/wp\/v2\/types\/post"}],"author":[{"embeddable":true,"href":"http:\/\/desarrollo.grupomedios.com\/futbol\/wp-json\/wp\/v2\/users\/20"}],"replies":[{"embeddable":true,"href":"http:\/\/desarrollo.grupomedios.com\/futbol\/wp-json\/wp\/v2\/comments?post=489607"}],"version-history":[{"count":1,"href":"http:\/\/desarrollo.grupomedios.com\/futbol\/wp-json\/wp\/v2\/posts\/489607\/revisions"}],"predecessor-version":[{"id":489609,"href":"http:\/\/desarrollo.grupomedios.com\/futbol\/wp-json\/wp\/v2\/posts\/489607\/revisions\/489609"}],"wp:featuredmedia":[{"embeddable":true,"href":"http:\/\/desarrollo.grupomedios.com\/futbol\/wp-json\/wp\/v2\/media\/489608"}],"wp:attachment":[{"href":"http:\/\/desarrollo.grupomedios.com\/futbol\/wp-json\/wp\/v2\/media?parent=489607"}],"wp:term":[{"taxonomy":"category","embeddable":true,"href":"http:\/\/desarrollo.grupomedios.com\/futbol\/wp-json\/wp\/v2\/categories?post=489607"},{"taxonomy":"post_tag","embeddable":true,"href":"http:\/\/desarrollo.grupomedios.com\/futbol\/wp-json\/wp\/v2\/tags?post=489607"}],"curies":[{"name":"wp","href":"https:\/\/api.w.org\/{rel}","templated":true}]}}