{"id":489621,"date":"2017-07-22T09:00:38","date_gmt":"2017-07-22T14:00:38","guid":{"rendered":"https:\/\/www.futboltotal.com.mx\/?p=489621"},"modified":"2017-07-22T11:42:18","modified_gmt":"2017-07-22T16:42:18","slug":"guia-apertura-2017-america-a-retomar-vuelo-piojo","status":"publish","type":"post","link":"http:\/\/desarrollo.grupomedios.com\/futbol\/destacado-home\/guia-apertura-2017-america-a-retomar-vuelo-piojo\/2017\/07","title":{"rendered":"Am\u00e9rica, a retomar el vuelo con el Piojo"},"content":{"rendered":"<p>Luego de cuatro a\u00f1os, el <strong>Am\u00e9rica<\/strong> por fin vio el ansiado regreso de <strong>Miguel Herrera<\/strong> a coapa, con quien vivi\u00f3 un campeonato y buenos torneos.<\/p>\n<p>El <strong>Piojo<\/strong> ahora tendr\u00e1 la misi\u00f3n de regresar a las <em>\u00c1guilas<\/em> a la cima de la Liga MX, donde ya mantuvo a Xolos en los dos torneos que dirigi\u00f3, aunque no pudo obtener el t\u00edtulo.<\/p>\n<p>Ahora con un equipo totalmente renovado, en donde ver\u00e1 a Oribe Peralta y Cecilio Dom\u00ednguez como sus principales figuras, el <strong>Am\u00e9rica<\/strong> del <strong>Piojo<\/strong> quiere retomar el vuelo en el <strong>Apertura 2017<\/strong>.<\/p>\n<p>VER M\u00c1S:<\/p>\n<p>[video_player]https:\/\/player.vimeo.com\/external\/226469801.hd.mp4?s=8c70b49d55d9f775d2ee141ca958d08f66acee81&amp;profile_id=174[\/video_player]<\/p>\n","protected":false},"excerpt":{"rendered":"<p>Miguel Herrera quiere llevar a las \u00c1guilas a la cima.<\/p>\n","protected":false},"author":20,"featured_media":489622,"comment_status":"closed","ping_status":"closed","sticky":false,"template":"","format":"standard","meta":[],"categories":[5,2198,3845],"tags":[5959,9443,64,255],"_links":{"self":[{"href":"http:\/\/desarrollo.grupomedios.com\/futbol\/wp-json\/wp\/v2\/posts\/489621"}],"collection":[{"href":"http:\/\/desarrollo.grupomedios.com\/futbol\/wp-json\/wp\/v2\/posts"}],"about":[{"href":"http:\/\/desarrollo.grupomedios.com\/futbol\/wp-json\/wp\/v2\/types\/post"}],"author":[{"embeddable":true,"href":"http:\/\/desarrollo.grupomedios.com\/futbol\/wp-json\/wp\/v2\/users\/20"}],"replies":[{"embeddable":true,"href":"http:\/\/desarrollo.grupomedios.com\/futbol\/wp-json\/wp\/v2\/comments?post=489621"}],"version-history":[{"count":1,"href":"http:\/\/desarrollo.grupomedios.com\/futbol\/wp-json\/wp\/v2\/posts\/489621\/revisions"}],"predecessor-version":[{"id":489623,"href":"http:\/\/desarrollo.grupomedios.com\/futbol\/wp-json\/wp\/v2\/posts\/489621\/revisions\/489623"}],"wp:featuredmedia":[{"embeddable":true,"href":"http:\/\/desarrollo.grupomedios.com\/futbol\/wp-json\/wp\/v2\/media\/489622"}],"wp:attachment":[{"href":"http:\/\/desarrollo.grupomedios.com\/futbol\/wp-json\/wp\/v2\/media?parent=489621"}],"wp:term":[{"taxonomy":"category","embeddable":true,"href":"http:\/\/desarrollo.grupomedios.com\/futbol\/wp-json\/wp\/v2\/categories?post=489621"},{"taxonomy":"post_tag","embeddable":true,"href":"http:\/\/desarrollo.grupomedios.com\/futbol\/wp-json\/wp\/v2\/tags?post=489621"}],"curies":[{"name":"wp","href":"https:\/\/api.w.org\/{rel}","templated":true}]}}