{"id":489630,"date":"2017-07-22T09:53:03","date_gmt":"2017-07-22T14:53:03","guid":{"rendered":"https:\/\/www.futboltotal.com.mx\/?p=489630"},"modified":"2017-07-22T09:53:03","modified_gmt":"2017-07-22T14:53:03","slug":"este-futbolista-ocupara-dorsal-10-en-real-madrid","status":"publish","type":"post","link":"http:\/\/desarrollo.grupomedios.com\/futbol\/futbol-internacional\/este-futbolista-ocupara-dorsal-10-en-real-madrid\/2017\/07","title":{"rendered":"Este futbolista ocupar\u00e1 el dorsal &#8217;10&#8217; en el Real Madrid"},"content":{"rendered":"<p>A pesar que a\u00fan no se ha hecho de manera oficial, la p\u00e1gina del <strong>Real Madrid<\/strong> ha revelado qui\u00e9n ser\u00e1 el nuevo <strong>&#8217;10&#8217;<\/strong> tras la salida de <strong>James Rodr\u00edguez<\/strong>.<\/p>\n<p style=\"text-align: center;\"><span style=\"color: #333399;\"><a style=\"color: #333399;\" href=\"https:\/\/www.futboltotal.com.mx\/2017\/07\/apertura-2017-las-plantillas-caras-la-liga-mx\/\" target=\"_blank\" rel=\"noopener noreferrer\">VER M\u00c1S: Las plantillas m\u00e1s caras de la Liga MX<\/a><\/span><\/p>\n<p>Se trata del croata, <strong>Luka Modric<\/strong>, quien comenzar\u00e1 su sexta temporada con el <strong>Real Madrid<\/strong> y portaba el n\u00famero &#8217;19&#8217; desde su llegada.<\/p>\n<p>Cuando el mediocampista croata lleg\u00f3, ese n\u00famero le pertenec\u00eda al alem\u00e1n, <strong>Mesut \u00d6zil<\/strong>.<\/p>\n<p style=\"text-align: center;\"><span style=\"color: #333399;\"><a style=\"color: #333399;\" href=\"https:\/\/www.futboltotal.com.mx\/2017\/07\/raul-gudino-cerca-del-futbol-holandes\/\" target=\"_blank\" rel=\"noopener noreferrer\">VER M\u00c1S: Este mexicano est\u00e1 cerca del futbol holand\u00e9s<\/a><\/span><\/p>\n<p><a href=\"https:\/\/www.futboltotal.com.mx\/wp-content\/uploads\/2017\/07\/Modric-10.jpg\"><img decoding=\"async\" loading=\"lazy\" class=\"alignnone size-full wp-image-489631\" src=\"https:\/\/www.futboltotal.com.mx\/wp-content\/uploads\/2017\/07\/Modric-10.jpg\" alt=\"Este futbolista ocupar\u00e1 el dorsal &#8217;10&#8217; en el Real Madrid 0\" srcset=\"http:\/\/desarrollo.grupomedios.com\/futbol\/wp-content\/uploads\/2017\/07\/Modric-10.jpg 768w, http:\/\/desarrollo.grupomedios.com\/futbol\/wp-content\/uploads\/2017\/07\/Modric-10-300x114.jpg 300w\" sizes=\"(max-width: 768px) 100vw, 768px\" \/><\/a><\/p>\n","protected":false},"excerpt":{"rendered":"<p>El mediocampista se quedar\u00e1 con el n\u00famero que dej\u00f3 James Rodr\u00edguez<\/p>\n","protected":false},"author":20,"featured_media":476021,"comment_status":"closed","ping_status":"closed","sticky":false,"template":"","format":"standard","meta":[],"categories":[3839],"tags":[6082,477,5988],"_links":{"self":[{"href":"http:\/\/desarrollo.grupomedios.com\/futbol\/wp-json\/wp\/v2\/posts\/489630"}],"collection":[{"href":"http:\/\/desarrollo.grupomedios.com\/futbol\/wp-json\/wp\/v2\/posts"}],"about":[{"href":"http:\/\/desarrollo.grupomedios.com\/futbol\/wp-json\/wp\/v2\/types\/post"}],"author":[{"embeddable":true,"href":"http:\/\/desarrollo.grupomedios.com\/futbol\/wp-json\/wp\/v2\/users\/20"}],"replies":[{"embeddable":true,"href":"http:\/\/desarrollo.grupomedios.com\/futbol\/wp-json\/wp\/v2\/comments?post=489630"}],"version-history":[{"count":1,"href":"http:\/\/desarrollo.grupomedios.com\/futbol\/wp-json\/wp\/v2\/posts\/489630\/revisions"}],"predecessor-version":[{"id":489632,"href":"http:\/\/desarrollo.grupomedios.com\/futbol\/wp-json\/wp\/v2\/posts\/489630\/revisions\/489632"}],"wp:featuredmedia":[{"embeddable":true,"href":"http:\/\/desarrollo.grupomedios.com\/futbol\/wp-json\/wp\/v2\/media\/476021"}],"wp:attachment":[{"href":"http:\/\/desarrollo.grupomedios.com\/futbol\/wp-json\/wp\/v2\/media?parent=489630"}],"wp:term":[{"taxonomy":"category","embeddable":true,"href":"http:\/\/desarrollo.grupomedios.com\/futbol\/wp-json\/wp\/v2\/categories?post=489630"},{"taxonomy":"post_tag","embeddable":true,"href":"http:\/\/desarrollo.grupomedios.com\/futbol\/wp-json\/wp\/v2\/tags?post=489630"}],"curies":[{"name":"wp","href":"https:\/\/api.w.org\/{rel}","templated":true}]}}