{"id":489633,"date":"2017-07-22T10:13:31","date_gmt":"2017-07-22T15:13:31","guid":{"rendered":"https:\/\/www.futboltotal.com.mx\/?p=489633"},"modified":"2017-07-22T10:13:31","modified_gmt":"2017-07-22T15:13:31","slug":"once-del-atletico-madrid-jugara-ante-toluca","status":"publish","type":"post","link":"http:\/\/desarrollo.grupomedios.com\/futbol\/futbol-mexicano\/once-del-atletico-madrid-jugara-ante-toluca\/2017\/07","title":{"rendered":"El once del Atl\u00e9tico de Madrid que jugar\u00e1 ante Toluca"},"content":{"rendered":"<p>El conjunto del<strong> Atl\u00e9tico de Madrid<\/strong> cerr\u00f3 su preparaci\u00f3n antes de partir a M\u00e9xico para enfrentar al <strong>Toluca<\/strong>, en un duelo amistoso como parte del centenario de los Diablos.<\/p>\n<p>Los futbolistas, <strong>Fernando Torres<\/strong> y <strong>Kevin\u00a0Gameiro<\/strong>, est\u00e1n en duda para el duelo por diversas molestias.<\/p>\n<p><strong>Diego Simeone<\/strong> realiz\u00f3 un partido en campo completo\u00a0entre titulas y suplentes, con la presencia de tres \u00e1rbitros para gestionarlo<\/p>\n<p style=\"text-align: center;\"><span style=\"color: #333399;\"><a style=\"color: #333399;\" href=\"https:\/\/www.futboltotal.com.mx\/2017\/07\/ficharon-a-chicharito-parece-west-ham-va-titulo-mourinho\/\" target=\"_blank\" rel=\"noopener noreferrer\">VER M\u00c1S: Mourinho elogia llegada de Chicharito a West Ham<\/a><\/span><\/p>\n<p>El once titular fue el siguiente:\u00a0esloveno <strong>Jan Oblak<\/strong> en la porter\u00eda; en\u00a0la defensa el uruguayo <strong>Jos\u00e9 Mar\u00eda Gim\u00e9nez<\/strong>, el montenegrino <strong>Stefan Savic<\/strong>, el uruguayo <strong>Diego God\u00edn<\/strong> y el brasile\u00f1o <strong>Filipe Luis<\/strong>.<\/p>\n<p>En el centro del terreno el\u00a0belga <strong>Yannick Carrasco<\/strong>, <strong>Gabi Fern\u00e1ndez<\/strong>, <strong>&#8216;Koke&#8217; Resurrecci\u00f3n<\/strong> y el argentino<strong> Nico Gait\u00e1n<\/strong>.<\/p>\n<p>Mientras que la delantera estaba compuesta por el argentino <strong>\u00c1ngel Correa<\/strong> y el franc\u00e9s <strong>Antoine Griezmann<\/strong>.<\/p>\n<p>Este podr\u00eda ser el once que se plante en el <strong>Nemesio D\u00edez<\/strong> el pr\u00f3ximo martes 25 julio.<\/p>\n<p style=\"text-align: center;\"><span style=\"color: #333399;\"><a style=\"color: #333399;\" href=\"https:\/\/www.futboltotal.com.mx\/2017\/07\/este-futbolista-ocupara-dorsal-10-en-real-madrid\/\" target=\"_blank\" rel=\"noopener noreferrer\">VER M\u00c1S: Britos le abri\u00f3 la puerta a los canteranos: Palencia<\/a><\/span><\/p>\n<p>&nbsp;<\/p>\n<p>Con informaci\u00f3n de ESPN<\/p>\n<p>&nbsp;<\/p>\n","protected":false},"excerpt":{"rendered":"<p>El pr\u00f3ximo martes 25 de julio los colchoneros se medir\u00e1n ante los Diablos<\/p>\n","protected":false},"author":20,"featured_media":474978,"comment_status":"closed","ping_status":"closed","sticky":false,"template":"","format":"standard","meta":[],"categories":[3839,2198],"tags":[4873,1341,5975],"_links":{"self":[{"href":"http:\/\/desarrollo.grupomedios.com\/futbol\/wp-json\/wp\/v2\/posts\/489633"}],"collection":[{"href":"http:\/\/desarrollo.grupomedios.com\/futbol\/wp-json\/wp\/v2\/posts"}],"about":[{"href":"http:\/\/desarrollo.grupomedios.com\/futbol\/wp-json\/wp\/v2\/types\/post"}],"author":[{"embeddable":true,"href":"http:\/\/desarrollo.grupomedios.com\/futbol\/wp-json\/wp\/v2\/users\/20"}],"replies":[{"embeddable":true,"href":"http:\/\/desarrollo.grupomedios.com\/futbol\/wp-json\/wp\/v2\/comments?post=489633"}],"version-history":[{"count":1,"href":"http:\/\/desarrollo.grupomedios.com\/futbol\/wp-json\/wp\/v2\/posts\/489633\/revisions"}],"predecessor-version":[{"id":489634,"href":"http:\/\/desarrollo.grupomedios.com\/futbol\/wp-json\/wp\/v2\/posts\/489633\/revisions\/489634"}],"wp:featuredmedia":[{"embeddable":true,"href":"http:\/\/desarrollo.grupomedios.com\/futbol\/wp-json\/wp\/v2\/media\/474978"}],"wp:attachment":[{"href":"http:\/\/desarrollo.grupomedios.com\/futbol\/wp-json\/wp\/v2\/media?parent=489633"}],"wp:term":[{"taxonomy":"category","embeddable":true,"href":"http:\/\/desarrollo.grupomedios.com\/futbol\/wp-json\/wp\/v2\/categories?post=489633"},{"taxonomy":"post_tag","embeddable":true,"href":"http:\/\/desarrollo.grupomedios.com\/futbol\/wp-json\/wp\/v2\/tags?post=489633"}],"curies":[{"name":"wp","href":"https:\/\/api.w.org\/{rel}","templated":true}]}}