{"id":489639,"date":"2017-07-22T12:05:30","date_gmt":"2017-07-22T17:05:30","guid":{"rendered":"https:\/\/www.futboltotal.com.mx\/?p=489639"},"modified":"2017-07-22T12:05:30","modified_gmt":"2017-07-22T17:05:30","slug":"buffon-se-defiende-luego-escandalosas-fotografia","status":"publish","type":"post","link":"http:\/\/desarrollo.grupomedios.com\/futbol\/cambio-de-juego\/buffon-se-defiende-luego-escandalosas-fotografia\/2017\/07","title":{"rendered":"Buffon se defiende luego de escandalosas fotograf\u00eda"},"content":{"rendered":"<p><strong>Gianluigi Buffon<\/strong>, arquero de 39 a\u00f1os, se convirti\u00f3 en noticia luego que la revista <em>Chi<\/em> public\u00f3 una serie de fotos con su pareja <strong>Ilaria D&#8217;Amico<\/strong>, en posiciones comprometedoras.<\/p>\n<p>Dichas fotos provocaron revuelo en redes sociales, sobre todo una en la que parece estar sucediendo un acto sexual.<\/p>\n<p style=\"text-align: center;\"><span style=\"color: #333399;\"><a style=\"color: #333399;\" href=\"https:\/\/www.futboltotal.com.mx\/2017\/07\/cruz-azul-lider-en-los-memes\/\" target=\"_blank\" rel=\"noopener noreferrer\">VER M\u00c1S: Los memes de la victoria de Cruz Azul<\/a><\/span><\/p>\n<p><a href=\"https:\/\/www.futboltotal.com.mx\/wp-content\/uploads\/2017\/07\/buffon-hot.jpg\"><img decoding=\"async\" loading=\"lazy\" class=\"alignnone size-full wp-image-489640\" src=\"https:\/\/www.futboltotal.com.mx\/wp-content\/uploads\/2017\/07\/buffon-hot.jpg\" alt=\"Buffon se defiende luego de escandalosas fotograf\u00eda 0\" srcset=\"http:\/\/desarrollo.grupomedios.com\/futbol\/wp-content\/uploads\/2017\/07\/buffon-hot.jpg 1024w, http:\/\/desarrollo.grupomedios.com\/futbol\/wp-content\/uploads\/2017\/07\/buffon-hot-300x219.jpg 300w, http:\/\/desarrollo.grupomedios.com\/futbol\/wp-content\/uploads\/2017\/07\/buffon-hot-768x560.jpg 768w\" sizes=\"(max-width: 1024px) 100vw, 1024px\" \/><\/a><\/p>\n<p><strong>Buffon<\/strong> sali\u00f3 a desmentir a dicha publicaci\u00f3n y no solo eso, decidi\u00f3 iniciar acciones legales en contra de la revista.<\/p>\n<blockquote><p>&#8220;Se trata de defender su imagen y la de sus hijos. Las im\u00e1genes han sido manipuladas y no reflejan en modo alguno lo que muchos han cre\u00eddo.\u00a0Ilaria estaba riendo y en plena risa apoy\u00f3 la cabeza entre las piernas de Gianluigi&#8221;, indica el comunicado realizado por los abogados del arquero.<\/p><\/blockquote>\n<p>Adem\u00e1s, agregaron que &#8220;la obligaci\u00f3n de cualquier periodista es ce\u00f1irse a la realidad. Obviamente se quiere proteger la verdad, aunque esto tambi\u00e9n debe servir de advertencia para otros de cara al futuro&#8221;.<\/p>\n<p style=\"text-align: center;\"><span style=\"color: #333399;\"><a style=\"color: #333399;\" href=\"https:\/\/www.futboltotal.com.mx\/2017\/07\/guia-apertura-2017-america-a-retomar-vuelo-piojo\/\" target=\"_blank\" rel=\"noopener noreferrer\">VER M\u00c1S: Am\u00e9rica, a retomar el vuelo con el Piojo<\/a><\/span><\/p>\n<div class=\"row\"><\/div>\n<div class=\"row\"><\/div>\n","protected":false},"excerpt":{"rendered":"<p>El guardameta italiano decidi\u00f3 emprender acciones legales en contra de la revista<\/p>\n","protected":false},"author":20,"featured_media":482093,"comment_status":"closed","ping_status":"closed","sticky":false,"template":"","format":"standard","meta":[],"categories":[5419],"tags":[6027],"_links":{"self":[{"href":"http:\/\/desarrollo.grupomedios.com\/futbol\/wp-json\/wp\/v2\/posts\/489639"}],"collection":[{"href":"http:\/\/desarrollo.grupomedios.com\/futbol\/wp-json\/wp\/v2\/posts"}],"about":[{"href":"http:\/\/desarrollo.grupomedios.com\/futbol\/wp-json\/wp\/v2\/types\/post"}],"author":[{"embeddable":true,"href":"http:\/\/desarrollo.grupomedios.com\/futbol\/wp-json\/wp\/v2\/users\/20"}],"replies":[{"embeddable":true,"href":"http:\/\/desarrollo.grupomedios.com\/futbol\/wp-json\/wp\/v2\/comments?post=489639"}],"version-history":[{"count":1,"href":"http:\/\/desarrollo.grupomedios.com\/futbol\/wp-json\/wp\/v2\/posts\/489639\/revisions"}],"predecessor-version":[{"id":489641,"href":"http:\/\/desarrollo.grupomedios.com\/futbol\/wp-json\/wp\/v2\/posts\/489639\/revisions\/489641"}],"wp:featuredmedia":[{"embeddable":true,"href":"http:\/\/desarrollo.grupomedios.com\/futbol\/wp-json\/wp\/v2\/media\/482093"}],"wp:attachment":[{"href":"http:\/\/desarrollo.grupomedios.com\/futbol\/wp-json\/wp\/v2\/media?parent=489639"}],"wp:term":[{"taxonomy":"category","embeddable":true,"href":"http:\/\/desarrollo.grupomedios.com\/futbol\/wp-json\/wp\/v2\/categories?post=489639"},{"taxonomy":"post_tag","embeddable":true,"href":"http:\/\/desarrollo.grupomedios.com\/futbol\/wp-json\/wp\/v2\/tags?post=489639"}],"curies":[{"name":"wp","href":"https:\/\/api.w.org\/{rel}","templated":true}]}}