{"id":489665,"date":"2017-07-22T15:09:43","date_gmt":"2017-07-22T20:09:43","guid":{"rendered":"https:\/\/www.futboltotal.com.mx\/?p=489665"},"modified":"2017-07-22T15:09:43","modified_gmt":"2017-07-22T20:09:43","slug":"mi-futuro-no-esta-en-mis-manos-juan-carlos-osorio","status":"publish","type":"post","link":"http:\/\/desarrollo.grupomedios.com\/futbol\/destacado-home\/mi-futuro-no-esta-en-mis-manos-juan-carlos-osorio\/2017\/07","title":{"rendered":"Mi futuro no est\u00e1 en mis manos: Juan Carlos Osorio"},"content":{"rendered":"<p>El entrenador de la Selecci\u00f3n Mexicana, <strong>Juan Carlos Osorio<\/strong> coment\u00f3 en conferencia de prensa que la posibilidad de seguir al frente del Tri no est\u00e1 en sus manos.<\/p>\n<p>Osorio afirm\u00f3 que su deseo es estar varios a\u00f1os al frente de <strong>M\u00e9xico<\/strong>, pero sabe que &#8220;el futuro de si sigo o no al frente del Tri cuando acabe mi contrato es cuesti\u00f3n de los jefes&#8221;.<\/p>\n<p>El t\u00e9cnico <strong>Juan Carlos Osorio<\/strong> termin\u00f3 su participaci\u00f3n de la Copa Confederaciones con M\u00e9xico en el cuarto puesto \u00a0y no ha podido dirigir por la sanci\u00f3n de seis partidos que le impuso la FIFA.<\/p>\n<p style=\"text-align: center;\"><span style=\"color: #333399;\"><a style=\"color: #333399;\" href=\"https:\/\/www.futboltotal.com.mx\/2017\/07\/guillermo-ochoa-continua-imbatible-standard-lieja\/\" target=\"_blank\" rel=\"noopener noreferrer\">VER M\u00c1S:\u00a0Guillermo Ochoa recibe primer gol con el Standard de Lieja<\/a><\/span><\/p>\n<p>Esta situaci\u00f3n no cay\u00f3 muy bien a los directivos, quienes tuvieron que confiar en el auxiliar de Osorio, Pompilio P\u00e1ez para estar al frente del Tricolor.<\/p>\n<p>JC Osorio destac\u00f3 la gran labor que est\u00e1 haciendo el grupo que participa en <strong>Copa Oro<\/strong>, donde varios de los chicos se encuentran en desarrollo y celebrar\u00eda que ellos &#8220;puedan ganar la Copa&#8221;.<\/p>\n<p>Y finalmente, el &#8216;Predicador&#8217; sentenci\u00f3 que &#8220;estamos forjando la mejor generaci\u00f3n del futbol mexicano&#8221;.<\/p>\n<p style=\"text-align: center;\"><span style=\"color: #333399;\"><a style=\"color: #333399;\" href=\"https:\/\/www.futboltotal.com.mx\/2017\/07\/raul-jimenez-acompanaria-a-chicharito-en-west-ham\/\" target=\"_blank\" rel=\"noopener noreferrer\">VER M\u00c1S:\u00a0Ra\u00fal Jim\u00e9nez acompa\u00f1ar\u00eda a Chicharito en el West Ham<\/a><\/span><\/p>\n","protected":false},"excerpt":{"rendered":"<p>El entrenador del Tricolor sabe que pese a que est\u00e1 cerca del pase al Mundial de Rusia 2018, su puesto no est\u00e1 seguro al frente de M\u00e9xico<\/p>\n","protected":false},"author":20,"featured_media":489667,"comment_status":"closed","ping_status":"closed","sticky":false,"template":"","format":"standard","meta":[],"categories":[5,3847],"tags":[6196,409],"_links":{"self":[{"href":"http:\/\/desarrollo.grupomedios.com\/futbol\/wp-json\/wp\/v2\/posts\/489665"}],"collection":[{"href":"http:\/\/desarrollo.grupomedios.com\/futbol\/wp-json\/wp\/v2\/posts"}],"about":[{"href":"http:\/\/desarrollo.grupomedios.com\/futbol\/wp-json\/wp\/v2\/types\/post"}],"author":[{"embeddable":true,"href":"http:\/\/desarrollo.grupomedios.com\/futbol\/wp-json\/wp\/v2\/users\/20"}],"replies":[{"embeddable":true,"href":"http:\/\/desarrollo.grupomedios.com\/futbol\/wp-json\/wp\/v2\/comments?post=489665"}],"version-history":[{"count":1,"href":"http:\/\/desarrollo.grupomedios.com\/futbol\/wp-json\/wp\/v2\/posts\/489665\/revisions"}],"predecessor-version":[{"id":489668,"href":"http:\/\/desarrollo.grupomedios.com\/futbol\/wp-json\/wp\/v2\/posts\/489665\/revisions\/489668"}],"wp:featuredmedia":[{"embeddable":true,"href":"http:\/\/desarrollo.grupomedios.com\/futbol\/wp-json\/wp\/v2\/media\/489667"}],"wp:attachment":[{"href":"http:\/\/desarrollo.grupomedios.com\/futbol\/wp-json\/wp\/v2\/media?parent=489665"}],"wp:term":[{"taxonomy":"category","embeddable":true,"href":"http:\/\/desarrollo.grupomedios.com\/futbol\/wp-json\/wp\/v2\/categories?post=489665"},{"taxonomy":"post_tag","embeddable":true,"href":"http:\/\/desarrollo.grupomedios.com\/futbol\/wp-json\/wp\/v2\/tags?post=489665"}],"curies":[{"name":"wp","href":"https:\/\/api.w.org\/{rel}","templated":true}]}}