{"id":489800,"date":"2017-07-23T11:18:38","date_gmt":"2017-07-23T16:18:38","guid":{"rendered":"https:\/\/www.futboltotal.com.mx\/?p=489800"},"modified":"2017-07-23T11:18:38","modified_gmt":"2017-07-23T16:18:38","slug":"aficion-chivas-grito-cerdo-a-rubens-sambueza","status":"publish","type":"post","link":"http:\/\/desarrollo.grupomedios.com\/futbol\/videos\/aficion-chivas-grito-cerdo-a-rubens-sambueza\/2017\/07","title":{"rendered":"Afici\u00f3n de Chivas grit\u00f3 &#8220;cerdo&#8221; a Rubens Sambueza"},"content":{"rendered":"<p>Durante el parido de la Jornada 1 en donde <strong>Chivas<\/strong> y <strong>Toluca<\/strong> <span style=\"color: #3366ff;\"><a style=\"color: #3366ff;\" href=\"https:\/\/www.futboltotal.com.mx\/2017\/07\/resultado-liga-mx-chivas-0-0-toluca-jornada-1-apertura-2017\/\" target=\"_blank\" rel=\"noopener noreferrer\">empataron con marcador de 0-0<\/a><\/span>, la afici\u00f3n del equipo Rojiblanco se meti\u00f3 en gran parte del encuentro con el mediocampista choricero, <strong>Rubens Sambueza<\/strong>.<\/p>\n<p>Y es que cada vez que el jugador de los <em>Diablos Rojos<\/em> tocaba la pelota, la afici\u00f3n tapat\u00eda se le iba encima con gritos e insultos, entre ellos se alcanz\u00f3 a escuchar: \u201c\u00a1Cerdo, cerdo!\u201d.<\/p>\n<p>Los seguidores de <strong>Chivas<\/strong> no olvidan que <strong>Sambueza<\/strong> fue quien lesion\u00f3 a Isaac Brizuela el torneo pasado e hizo que se perdiera casi toda la segunda mitad del torneo.<\/p>\n<p style=\"text-align: center;\"><span style=\"color: #3366ff;\"><a style=\"color: #3366ff;\" href=\"https:\/\/www.futboltotal.com.mx\/2017\/07\/juan-carlos-osorio-continuaria-en-tri-tras-rusia-2018\/\">VER M\u00c1S: Juan Carlos Osorio continuar\u00eda en el TRI tras Rusia 2018<\/a><\/span><\/p>\n<blockquote class=\"twitter-tweet\" data-width=\"500\">\n<p lang=\"es\" dir=\"ltr\">La afici\u00f3n grita &quot;cerdo, cerdo&quot; a Rubens Sambueza. No olvidan la lesi\u00f3n a Isaac Brizuela. <a href=\"https:\/\/twitter.com\/ASMexico\">@ASMexico<\/a> <a href=\"https:\/\/t.co\/ECfw64KJQ5\">pic.twitter.com\/ECfw64KJQ5<\/a><\/p>\n<p>&mdash; C\u00e9sar Huerta Salcedo (@huerta_cesar) <a href=\"https:\/\/twitter.com\/huerta_cesar\/status\/888953948446568453\">July 23, 2017<\/a><\/p><\/blockquote>\n<p><script async src=\"\/\/platform.twitter.com\/widgets.js\" charset=\"utf-8\"><\/script><\/p>\n<p>A pesar de ello, <strong>Sambueza<\/strong> neg\u00f3 que los gritos sean por la lesi\u00f3n de <strong>Brizuela<\/strong>, pues asegura que en la Semifinal pasada &#8220;gritaron m\u00e1s&#8221; y cree que ahora se debe a su pasado con el Am\u00e9rica.<\/p>\n<p>https:\/\/twitter.com\/PressPortmx\/status\/888992457966276608<\/p>\n","protected":false},"excerpt":{"rendered":"<p>La afici\u00f3n se meti\u00f3 con el jugador durante todo el partido.<\/p>\n","protected":false},"author":20,"featured_media":489802,"comment_status":"closed","ping_status":"closed","sticky":false,"template":"","format":"standard","meta":[],"categories":[2198,3845,4],"tags":[70,2289,64,808,5975],"_links":{"self":[{"href":"http:\/\/desarrollo.grupomedios.com\/futbol\/wp-json\/wp\/v2\/posts\/489800"}],"collection":[{"href":"http:\/\/desarrollo.grupomedios.com\/futbol\/wp-json\/wp\/v2\/posts"}],"about":[{"href":"http:\/\/desarrollo.grupomedios.com\/futbol\/wp-json\/wp\/v2\/types\/post"}],"author":[{"embeddable":true,"href":"http:\/\/desarrollo.grupomedios.com\/futbol\/wp-json\/wp\/v2\/users\/20"}],"replies":[{"embeddable":true,"href":"http:\/\/desarrollo.grupomedios.com\/futbol\/wp-json\/wp\/v2\/comments?post=489800"}],"version-history":[{"count":1,"href":"http:\/\/desarrollo.grupomedios.com\/futbol\/wp-json\/wp\/v2\/posts\/489800\/revisions"}],"predecessor-version":[{"id":489803,"href":"http:\/\/desarrollo.grupomedios.com\/futbol\/wp-json\/wp\/v2\/posts\/489800\/revisions\/489803"}],"wp:featuredmedia":[{"embeddable":true,"href":"http:\/\/desarrollo.grupomedios.com\/futbol\/wp-json\/wp\/v2\/media\/489802"}],"wp:attachment":[{"href":"http:\/\/desarrollo.grupomedios.com\/futbol\/wp-json\/wp\/v2\/media?parent=489800"}],"wp:term":[{"taxonomy":"category","embeddable":true,"href":"http:\/\/desarrollo.grupomedios.com\/futbol\/wp-json\/wp\/v2\/categories?post=489800"},{"taxonomy":"post_tag","embeddable":true,"href":"http:\/\/desarrollo.grupomedios.com\/futbol\/wp-json\/wp\/v2\/tags?post=489800"}],"curies":[{"name":"wp","href":"https:\/\/api.w.org\/{rel}","templated":true}]}}