{"id":489832,"date":"2017-07-23T15:03:42","date_gmt":"2017-07-23T20:03:42","guid":{"rendered":"https:\/\/www.futboltotal.com.mx\/?p=489832"},"modified":"2017-07-23T15:03:42","modified_gmt":"2017-07-23T20:03:42","slug":"wolfsburgo-le-envia-mensaje-de-apoyo-a-lobos-en-su-debut-en-liga-mx","status":"publish","type":"post","link":"http:\/\/desarrollo.grupomedios.com\/futbol\/futbol-mexicano\/wolfsburgo-le-envia-mensaje-de-apoyo-a-lobos-en-su-debut-en-liga-mx\/2017\/07","title":{"rendered":"Wolfsburgo le env\u00edo un mensaje a Lobos BUAP en su debut"},"content":{"rendered":"<p>Despu\u00e9s de que el \u00e1rbitro central <strong>Erick Yair Miranda<\/strong> diera el silbatazo inicial en la cancha del <strong>Estadio Ol\u00edmpico de la BUAP<\/strong> para el debut de <a href=\"https:\/\/www.futboltotal.com.mx\/2017\/07\/lobos-buap-iguala-en-debut-frente-a-santos\/\" target=\"_blank\" rel=\"noopener noreferrer\"><span style=\"color: #333399;\"><strong>Lobos<\/strong><\/span><\/a> en la <strong>Liga MX<\/strong> ante <a href=\"https:\/\/www.futboltotal.com.mx\/2017\/07\/santos-quiere-regresar-a-los-puestos-altos-la-liga-mx\/\" target=\"_blank\" rel=\"noopener noreferrer\"><span style=\"color: #333399;\"><strong>Santos Laguna<\/strong><\/span><\/a>, el <a href=\"https:\/\/www.futboltotal.com.mx\/2017\/04\/sin-chicharito-leverkusen-no-pudo-con-wolfsburgo\/\" target=\"_blank\" rel=\"noopener noreferrer\"><span style=\"color: #333399;\"><strong>Wolfsburgo<\/strong><\/span><\/a> de la <strong>Bundesliga<\/strong> le envi\u00f3 un emotivo mensaje de apoyo al equipo reci\u00e9n ascendido al <em>M\u00e1ximo Circuito.<\/em><\/p>\n<p style=\"text-align: center;\"><a href=\"https:\/\/www.futboltotal.com.mx\/2017\/07\/seguidores-leon-golpearon-a-aficionado-del-atlas\/\" target=\"_blank\" rel=\"noopener noreferrer\"><span style=\"color: #333399;\">VER M\u00c1S:\u00a0<\/span><span style=\"color: #333399;\">Seguidores de Le\u00f3n golpearon a aficionado del Atlas<\/span><\/a><\/p>\n<p>El conjunto alem\u00e1n, mejor conocido como los \u2018Lobos\u2019, se tom\u00f3 el tiempo para dedicarle unas palabras de aliento al conjunto dirigido por<a href=\"https:\/\/www.futboltotal.com.mx\/2017\/06\/rafael-puente-ficha-a-reportero-cuerpo-tecnico\/\" target=\"_blank\" rel=\"noopener noreferrer\"><span style=\"color: #333399;\"> <strong>Rafael Puente Jr<\/strong><\/span><\/a>., a trav\u00e9s de su cuenta de <strong>Twitter.<\/strong><\/p>\n<p style=\"text-align: center;\"><a href=\"https:\/\/www.futboltotal.com.mx\/2017\/07\/lahm-elegido-el-mejor-jugador-aleman-del-anio\/\" target=\"_blank\" rel=\"noopener noreferrer\"><span style=\"color: #333399;\">VER M\u00c1S:\u00a0<\/span><span style=\"color: #333399;\">Lahm elegido el mejor futbolista alem\u00e1n del a\u00f1o<\/span><\/a><\/p>\n<blockquote class=\"twitter-tweet\" data-lang=\"es\">\n<p dir=\"ltr\" lang=\"es\">\u00a1Mucho \u00e9xito lobo-hermanos en su debut en la liga de M\u00e9xico! &#x1f43a;&#x1f49a;\u26bd <a href=\"https:\/\/t.co\/ytaygg5Apy\">https:\/\/t.co\/ytaygg5Apy<\/a><\/p>\n<p>\u2014 VfL Wolfsburg ES (@VfLWolfsburg_ES) <a href=\"https:\/\/twitter.com\/VfLWolfsburg_ES\/status\/888882101344509952\">22 de julio de 2017<\/a><\/p><\/blockquote>\n<p><script async src=\"\/\/platform.twitter.com\/widgets.js\" charset=\"utf-8\"><\/script><\/p>\n<p>Al t\u00e9rmino del encuentro, los poblanos respondieron el gesto del cuadro teut\u00f3n.<\/p>\n<p style=\"text-align: center;\"><a href=\"https:\/\/www.futboltotal.com.mx\/2017\/07\/conejo-perez-iguala-record-de-oswaldo-sanchez\/\" target=\"_blank\" rel=\"noopener noreferrer\"><span style=\"color: #333399;\">VER M\u00c1S:\u00a0<\/span><\/a><span style=\"color: #333399;\">\u2018Conejo\u2019 P\u00e9rez iguala r\u00e9cord de Oswaldo S\u00e1nchez en la Liga MX<\/span><\/p>\n<blockquote class=\"twitter-tweet\" data-lang=\"es\">\n<p dir=\"ltr\" lang=\"de\">Danke <a href=\"https:\/\/twitter.com\/VfLWolfsburg_ES\">@VfLWolfsburg_ES<\/a> f\u00fcr eure Unterst\u00fctzung!<br \/>\nEin Wolf heult niemals allein!<a href=\"https:\/\/twitter.com\/hashtag\/WirSindVereint?src=hash\">#WirSindVereint<\/a> <a href=\"https:\/\/twitter.com\/hashtag\/WirSindW%C3%B6lfe?src=hash\">#WirSindW\u00f6lfe<\/a> <a href=\"https:\/\/twitter.com\/hashtag\/WirSindHierUmHierZuBleiben?src=hash\">#WirSindHierUmHierZuBleiben<\/a><\/p>\n<p>\u2014 Lobos Buap Oficial (@LobosBuapMX) <a href=\"https:\/\/twitter.com\/LobosBuapMX\/status\/888960356462231552\">23 de julio de 2017<\/a><\/p><\/blockquote>\n<p><script async src=\"\/\/platform.twitter.com\/widgets.js\" charset=\"utf-8\"><\/script><\/p>\n","protected":false},"excerpt":{"rendered":"<p>Gran gesto del Wolfsburgo con sus hermanos Lobos BUAP<\/p>\n","protected":false},"author":20,"featured_media":489834,"comment_status":"closed","ping_status":"closed","sticky":false,"template":"","format":"standard","meta":[],"categories":[5419,3839,2198,3845],"tags":[119,64,431,3521],"_links":{"self":[{"href":"http:\/\/desarrollo.grupomedios.com\/futbol\/wp-json\/wp\/v2\/posts\/489832"}],"collection":[{"href":"http:\/\/desarrollo.grupomedios.com\/futbol\/wp-json\/wp\/v2\/posts"}],"about":[{"href":"http:\/\/desarrollo.grupomedios.com\/futbol\/wp-json\/wp\/v2\/types\/post"}],"author":[{"embeddable":true,"href":"http:\/\/desarrollo.grupomedios.com\/futbol\/wp-json\/wp\/v2\/users\/20"}],"replies":[{"embeddable":true,"href":"http:\/\/desarrollo.grupomedios.com\/futbol\/wp-json\/wp\/v2\/comments?post=489832"}],"version-history":[{"count":1,"href":"http:\/\/desarrollo.grupomedios.com\/futbol\/wp-json\/wp\/v2\/posts\/489832\/revisions"}],"predecessor-version":[{"id":489835,"href":"http:\/\/desarrollo.grupomedios.com\/futbol\/wp-json\/wp\/v2\/posts\/489832\/revisions\/489835"}],"wp:featuredmedia":[{"embeddable":true,"href":"http:\/\/desarrollo.grupomedios.com\/futbol\/wp-json\/wp\/v2\/media\/489834"}],"wp:attachment":[{"href":"http:\/\/desarrollo.grupomedios.com\/futbol\/wp-json\/wp\/v2\/media?parent=489832"}],"wp:term":[{"taxonomy":"category","embeddable":true,"href":"http:\/\/desarrollo.grupomedios.com\/futbol\/wp-json\/wp\/v2\/categories?post=489832"},{"taxonomy":"post_tag","embeddable":true,"href":"http:\/\/desarrollo.grupomedios.com\/futbol\/wp-json\/wp\/v2\/tags?post=489832"}],"curies":[{"name":"wp","href":"https:\/\/api.w.org\/{rel}","templated":true}]}}