{"id":489941,"date":"2017-07-23T22:11:50","date_gmt":"2017-07-24T03:11:50","guid":{"rendered":"https:\/\/www.futboltotal.com.mx\/?p=489941"},"modified":"2017-07-23T23:04:48","modified_gmt":"2017-07-24T04:04:48","slug":"pompilio-paez-aseguro-derrota-no-es-fracaso-para-el-tri","status":"publish","type":"post","link":"http:\/\/desarrollo.grupomedios.com\/futbol\/destacado-home\/pompilio-paez-aseguro-derrota-no-es-fracaso-para-el-tri\/2017\/07","title":{"rendered":"Pompilio P\u00e1ez asegur\u00f3: &#8220;La derrota no es un fracaso para el Tri&#8221;"},"content":{"rendered":"<p><strong>Pompilio P\u00e1ez<\/strong>, t\u00e9cnico en banquillo de la <a href=\"https:\/\/www.futboltotal.com.mx\/2017\/07\/resultado-mexico-0-1-jamaica-copa-oro-semifinales-cronica\/\" target=\"_blank\" rel=\"noopener noreferrer\"><span style=\"color: #333399;\"><strong>Selecci\u00f3n Mexicana<\/strong> que cay\u00f3 en semifinales de la <strong>Copa Oro 2017<\/strong> ante <strong>Jamaica<\/strong><\/span><\/a>, descart\u00f3 que el <em><strong>Tri<\/strong> <\/em>haya fracasado al no alcanzar la final del torneo.<\/p>\n<p>&#8220;La palabra <strong>fracaso<\/strong> no me gusta. Cuando nosotros intentamos tantas cosas no creo que sea un fracaso, si lo vieras por el resultado por que quer\u00edas ganar la copa, estar en la\u00a0Final, podr\u00eda ser. Tuvimos las oportunidades de hacer un gol y el futbol los premi\u00f3 a ellos, lo que falto fue eficacia&#8221;, dijo el auxiliar t\u00e9cnico de <strong>Osorio<\/strong>.<\/p>\n<p style=\"text-align: center;\"><a href=\"https:\/\/www.futboltotal.com.mx\/2017\/07\/los-memes-de-la-eliminacion-de-mexico-en-copa-oro\/\" target=\"_blank\" rel=\"noopener noreferrer\"><span style=\"color: #333399;\">VER M\u00c1S: Los memes de la eliminaci\u00f3n de M\u00e9xico en la Copa Oro<\/span><\/a><\/p>\n<p>Sin embargo, el estratega acept\u00f3 que tanto jugadores como cuerpo t\u00e9cnico deben trabajar para dejar atr\u00e1s este resultado.<\/p>\n<p>&#8220;Con las opciones que generamos por lo menos deb\u00edamos haber hecho un gol, as\u00ed es el futbol. No s\u00f3lo el cuerpo t\u00e9cnico, tambi\u00e9n el futbol de\u00a0<strong>M\u00e9xico\u00a0<\/strong>tendr\u00e1 que levantarse de esta ca\u00edda&#8221;, puntualiz\u00f3\u00a0<strong>P\u00e1ez\u00a0<\/strong>en conferencia de prensa.<\/p>\n<p style=\"text-align: center;\"><a href=\"https:\/\/www.futboltotal.com.mx\/2017\/07\/necaxa-vencio-2-0-a-veracruz-en-el-cierre-de-la-jornada-1-cronica\/\" target=\"_blank\" rel=\"noopener noreferrer\"><span style=\"color: #333399;\">VER M\u00c1S: Necaxa venci\u00f3 al Veracruz en el Puerto<\/span><\/a><\/p>\n","protected":false},"excerpt":{"rendered":"<p>El auxiliar de Juan Carlos Osorio confes\u00f3 que la palabra &#8220;fracaso&#8221; no le gusta.<\/p>\n","protected":false},"author":20,"featured_media":489942,"comment_status":"closed","ping_status":"closed","sticky":false,"template":"","format":"standard","meta":[],"categories":[3938,5,3839,2198,3847],"tags":[7666,824,65,409],"_links":{"self":[{"href":"http:\/\/desarrollo.grupomedios.com\/futbol\/wp-json\/wp\/v2\/posts\/489941"}],"collection":[{"href":"http:\/\/desarrollo.grupomedios.com\/futbol\/wp-json\/wp\/v2\/posts"}],"about":[{"href":"http:\/\/desarrollo.grupomedios.com\/futbol\/wp-json\/wp\/v2\/types\/post"}],"author":[{"embeddable":true,"href":"http:\/\/desarrollo.grupomedios.com\/futbol\/wp-json\/wp\/v2\/users\/20"}],"replies":[{"embeddable":true,"href":"http:\/\/desarrollo.grupomedios.com\/futbol\/wp-json\/wp\/v2\/comments?post=489941"}],"version-history":[{"count":1,"href":"http:\/\/desarrollo.grupomedios.com\/futbol\/wp-json\/wp\/v2\/posts\/489941\/revisions"}],"predecessor-version":[{"id":489943,"href":"http:\/\/desarrollo.grupomedios.com\/futbol\/wp-json\/wp\/v2\/posts\/489941\/revisions\/489943"}],"wp:featuredmedia":[{"embeddable":true,"href":"http:\/\/desarrollo.grupomedios.com\/futbol\/wp-json\/wp\/v2\/media\/489942"}],"wp:attachment":[{"href":"http:\/\/desarrollo.grupomedios.com\/futbol\/wp-json\/wp\/v2\/media?parent=489941"}],"wp:term":[{"taxonomy":"category","embeddable":true,"href":"http:\/\/desarrollo.grupomedios.com\/futbol\/wp-json\/wp\/v2\/categories?post=489941"},{"taxonomy":"post_tag","embeddable":true,"href":"http:\/\/desarrollo.grupomedios.com\/futbol\/wp-json\/wp\/v2\/tags?post=489941"}],"curies":[{"name":"wp","href":"https:\/\/api.w.org\/{rel}","templated":true}]}}