{"id":489945,"date":"2017-07-23T22:59:46","date_gmt":"2017-07-24T03:59:46","guid":{"rendered":"https:\/\/www.futboltotal.com.mx\/?p=489945"},"modified":"2017-07-23T23:28:49","modified_gmt":"2017-07-24T04:28:49","slug":"aficion-del-tri-explota-grita-fuera-osorio-al-tecnico","status":"publish","type":"post","link":"http:\/\/desarrollo.grupomedios.com\/futbol\/destacado-home\/aficion-del-tri-explota-grita-fuera-osorio-al-tecnico\/2017\/07","title":{"rendered":"Afici\u00f3n del Tri explota y le grita &#8220;Fuera Osorio&#8221; al t\u00e9cnico"},"content":{"rendered":"<p>La inesperada <a href=\"https:\/\/www.futboltotal.com.mx\/2017\/07\/resultado-mexico-0-1-jamaica-copa-oro-semifinales-cronica\/\" target=\"_blank\" rel=\"noopener noreferrer\"><span style=\"color: #333399;\">derrota de la<strong> Selecci\u00f3n Mexicana<\/strong> en semifinales de <strong>Copa Oro<\/strong> ante <strong>Jamaica<\/strong><\/span><\/a> dej\u00f3 a los aficionados al <strong>Tri<\/strong> muy molestos, particularmente con el t\u00e9cnico <strong>Juan Carlos Osorio<\/strong>.<\/p>\n<p>El estratega colombiano sali\u00f3 del estadio <strong>Rose Bowl<\/strong> en medio de gritos de fan\u00e1ticos claramente molestos y pidiendo la renuncia del t\u00e9cnico.<\/p>\n<p style=\"text-align: center;\"><a href=\"https:\/\/www.futboltotal.com.mx\/2017\/07\/los-memes-de-la-eliminacion-de-mexico-en-copa-oro\/\" target=\"_blank\" rel=\"noopener noreferrer\"><span style=\"color: #333399;\">VER M\u00c1S: Los memes de la eliminaci\u00f3n de M\u00e9xico en Copa Oro<\/span><\/a><\/p>\n<p>En videos, se puede ver c\u00f3mo <strong>Osorio<\/strong> tuvo que ser flanqueado por gente de seguridad mientras abandonaba las instalaciones del Rose Bowl y la gente no dejaba de gritale: &#8220;<strong>Fuera Osorio<\/strong>&#8220;.<\/p>\n<p style=\"text-align: center;\"><a href=\"https:\/\/www.futboltotal.com.mx\/2017\/07\/pompilio-paez-aseguro-derrota-no-es-fracaso-para-el-tri\/\" target=\"_blank\" rel=\"noopener noreferrer\"><span style=\"color: #333399;\">VER M\u00c1S: Pompilio P\u00e1ez asegur\u00f3: &#8220;La derrota no es un fracaso para el Tri&#8221;<\/span><\/a><\/p>\n<p>&nbsp;<\/p>\n<blockquote class=\"twitter-video\" data-lang=\"es\">\n<p dir=\"ltr\" lang=\"es\">Triste salida de Osorio del estadio! <a href=\"https:\/\/t.co\/KIDUKWcGMG\">pic.twitter.com\/KIDUKWcGMG<\/a><\/p>\n<p>\u2014 &#x1f465;Rub\u00e9n Rodr\u00edguez (@ruubenrod) <a href=\"https:\/\/twitter.com\/ruubenrod\/status\/889330193244053504\">24 de julio de 2017<\/a><\/p><\/blockquote>\n<p><script async src=\"\/\/platform.twitter.com\/widgets.js\" charset=\"utf-8\"><\/script><\/p>\n","protected":false},"excerpt":{"rendered":"<p>Seguidores mexicanos pidieron la cabeza del t\u00e9cnico colombiano tras este fracaso.<\/p>\n","protected":false},"author":20,"featured_media":489946,"comment_status":"closed","ping_status":"closed","sticky":false,"template":"","format":"standard","meta":[],"categories":[3938,5,3839,2198,3847],"tags":[7666,824,6196,65,409],"_links":{"self":[{"href":"http:\/\/desarrollo.grupomedios.com\/futbol\/wp-json\/wp\/v2\/posts\/489945"}],"collection":[{"href":"http:\/\/desarrollo.grupomedios.com\/futbol\/wp-json\/wp\/v2\/posts"}],"about":[{"href":"http:\/\/desarrollo.grupomedios.com\/futbol\/wp-json\/wp\/v2\/types\/post"}],"author":[{"embeddable":true,"href":"http:\/\/desarrollo.grupomedios.com\/futbol\/wp-json\/wp\/v2\/users\/20"}],"replies":[{"embeddable":true,"href":"http:\/\/desarrollo.grupomedios.com\/futbol\/wp-json\/wp\/v2\/comments?post=489945"}],"version-history":[{"count":1,"href":"http:\/\/desarrollo.grupomedios.com\/futbol\/wp-json\/wp\/v2\/posts\/489945\/revisions"}],"predecessor-version":[{"id":489947,"href":"http:\/\/desarrollo.grupomedios.com\/futbol\/wp-json\/wp\/v2\/posts\/489945\/revisions\/489947"}],"wp:featuredmedia":[{"embeddable":true,"href":"http:\/\/desarrollo.grupomedios.com\/futbol\/wp-json\/wp\/v2\/media\/489946"}],"wp:attachment":[{"href":"http:\/\/desarrollo.grupomedios.com\/futbol\/wp-json\/wp\/v2\/media?parent=489945"}],"wp:term":[{"taxonomy":"category","embeddable":true,"href":"http:\/\/desarrollo.grupomedios.com\/futbol\/wp-json\/wp\/v2\/categories?post=489945"},{"taxonomy":"post_tag","embeddable":true,"href":"http:\/\/desarrollo.grupomedios.com\/futbol\/wp-json\/wp\/v2\/tags?post=489945"}],"curies":[{"name":"wp","href":"https:\/\/api.w.org\/{rel}","templated":true}]}}