{"id":489948,"date":"2017-07-23T23:33:12","date_gmt":"2017-07-24T04:33:12","guid":{"rendered":"https:\/\/www.futboltotal.com.mx\/?p=489948"},"modified":"2017-07-23T23:33:12","modified_gmt":"2017-07-24T04:33:12","slug":"asi-festejo-jamaica-tras-haber-eliminado-a-mexico-en-copa-oro","status":"publish","type":"post","link":"http:\/\/desarrollo.grupomedios.com\/futbol\/futbol-mexicano\/asi-festejo-jamaica-tras-haber-eliminado-a-mexico-en-copa-oro\/2017\/07","title":{"rendered":"As\u00ed festej\u00f3 Jamaica tras haber eliminado a M\u00e9xico en Copa Oro"},"content":{"rendered":"<p>La euforia invadi\u00f3 al plantel de <a href=\"https:\/\/www.futboltotal.com.mx\/2017\/07\/resultado-mexico-0-1-jamaica-copa-oro-semifinales-cronica\/\" target=\"_blank\" rel=\"noopener noreferrer\"><span style=\"color: #333399;\"><strong>Jamaica<\/strong> tras eliminar a <strong>M\u00e9xico<\/strong><\/span><\/a> en las semifinales de la <strong>Copa Oro 2017<\/strong>, siguiendo los festejos en los vestidores del <strong>Rose Bowl<\/strong>.<\/p>\n<p>En redes sociales, la organizaci\u00f3n de la Copa Oro public\u00f3 un video en el que aparecen jugadores jamaicanos bailando, grabando videos y tom\u00e1ndose fotos como parte de los festejos luego de este hist\u00f3rico triunfo para los caribe\u00f1os.<\/p>\n<p style=\"text-align: center;\"><a href=\"https:\/\/www.futboltotal.com.mx\/2017\/07\/aficion-del-tri-explota-grita-fuera-osorio-al-tecnico\/\" target=\"_blank\" rel=\"noopener noreferrer\"><span style=\"color: #333399;\">VER M\u00c1S: Afici\u00f3n del Tri explot\u00f3 y grita &#8220;Fuera Osorio&#8221; al t\u00e9cnico<\/span><\/a><\/p>\n<p>Con esta victoria, <strong>Jamaica<\/strong> disputar\u00e1 la final del evento por segundo torneo consecutivo (ya que en 2015 perdi\u00f3 la final precisamente ante <strong>M\u00e9xico<\/strong>) y disputar\u00e1 el t\u00edtulo de la edici\u00f3n 2017 ante el anfitri\u00f3n <strong>Estados Unidos<\/strong>.<\/p>\n<p style=\"text-align: center;\"><a href=\"https:\/\/www.futboltotal.com.mx\/2017\/07\/los-memes-de-la-eliminacion-de-mexico-en-copa-oro\/\" target=\"_blank\" rel=\"noopener noreferrer\"><span style=\"color: #333399;\">VER M\u00c1S: Los memes de la eliminaci\u00f3n de M\u00e9xico en Copa Oro<\/span><\/a><\/p>\n<blockquote class=\"twitter-video\" data-lang=\"es\">\n<p dir=\"ltr\" lang=\"en\">This is how it feels going back to the final! Congrats <a href=\"https:\/\/twitter.com\/hashtag\/ReggaeBoyz?src=hash\">#ReggaeBoyz<\/a>! <a href=\"https:\/\/twitter.com\/ItsTheJFF\">@ItsTheJFF<\/a> <a href=\"https:\/\/twitter.com\/hashtag\/GoldCup2017?src=hash\">#GoldCup2017<\/a> <a href=\"https:\/\/t.co\/VRFzF1RQiu\">pic.twitter.com\/VRFzF1RQiu<\/a><\/p>\n<p>\u2014 Gold Cup 2017 (@GoldCup) <a href=\"https:\/\/twitter.com\/GoldCup\/status\/889335941235605508\">24 de julio de 2017<\/a><\/p><\/blockquote>\n<p><script async src=\"\/\/platform.twitter.com\/widgets.js\" charset=\"utf-8\"><\/script><\/p>\n","protected":false},"excerpt":{"rendered":"<p>La euforia invadi\u00f3 al plantel de Jamaica tras eliminar a M\u00e9xico.<\/p>\n","protected":false},"author":20,"featured_media":489949,"comment_status":"closed","ping_status":"closed","sticky":false,"template":"","format":"standard","meta":[],"categories":[3938,7570,3839,2198,3847],"tags":[7666,824,65,409],"_links":{"self":[{"href":"http:\/\/desarrollo.grupomedios.com\/futbol\/wp-json\/wp\/v2\/posts\/489948"}],"collection":[{"href":"http:\/\/desarrollo.grupomedios.com\/futbol\/wp-json\/wp\/v2\/posts"}],"about":[{"href":"http:\/\/desarrollo.grupomedios.com\/futbol\/wp-json\/wp\/v2\/types\/post"}],"author":[{"embeddable":true,"href":"http:\/\/desarrollo.grupomedios.com\/futbol\/wp-json\/wp\/v2\/users\/20"}],"replies":[{"embeddable":true,"href":"http:\/\/desarrollo.grupomedios.com\/futbol\/wp-json\/wp\/v2\/comments?post=489948"}],"version-history":[{"count":2,"href":"http:\/\/desarrollo.grupomedios.com\/futbol\/wp-json\/wp\/v2\/posts\/489948\/revisions"}],"predecessor-version":[{"id":489951,"href":"http:\/\/desarrollo.grupomedios.com\/futbol\/wp-json\/wp\/v2\/posts\/489948\/revisions\/489951"}],"wp:featuredmedia":[{"embeddable":true,"href":"http:\/\/desarrollo.grupomedios.com\/futbol\/wp-json\/wp\/v2\/media\/489949"}],"wp:attachment":[{"href":"http:\/\/desarrollo.grupomedios.com\/futbol\/wp-json\/wp\/v2\/media?parent=489948"}],"wp:term":[{"taxonomy":"category","embeddable":true,"href":"http:\/\/desarrollo.grupomedios.com\/futbol\/wp-json\/wp\/v2\/categories?post=489948"},{"taxonomy":"post_tag","embeddable":true,"href":"http:\/\/desarrollo.grupomedios.com\/futbol\/wp-json\/wp\/v2\/tags?post=489948"}],"curies":[{"name":"wp","href":"https:\/\/api.w.org\/{rel}","templated":true}]}}