{"id":489956,"date":"2017-07-24T08:31:48","date_gmt":"2017-07-24T13:31:48","guid":{"rendered":"https:\/\/www.futboltotal.com.mx\/?p=489956"},"modified":"2017-07-24T08:33:53","modified_gmt":"2017-07-24T13:33:53","slug":"pedro-chelsea-multiples-fracturas-rostro","status":"publish","type":"post","link":"http:\/\/desarrollo.grupomedios.com\/futbol\/futbol-internacional\/pedro-chelsea-multiples-fracturas-rostro\/2017\/07","title":{"rendered":"Pedro tiene &#8220;fracturas m\u00faltiples&#8221; en el rostro, confes\u00f3 Conte"},"content":{"rendered":"<p class=\"DETALLE_N_titulo \"><span id=\"ctl14_lblMostra\">El espa\u00f1ol <strong>Pedro Rodr\u00edguez<\/strong>, del <strong>Chelsea<\/strong>, sufre &#8220;fracturas m\u00faltiples&#8221; en la cara y su lesi\u00f3n es &#8220;m\u00e1s seria de lo se cre\u00eda&#8221;, seg\u00fan inform\u00f3 su entrenador, el italiano <strong>Antonio Conte<\/strong>, a trav\u00e9s de la cuenta de Twitter del club.<\/span><\/p>\n<p>El delantero canario podr\u00e1, no obstante, volver a los entrenamientos dentro de unos diez d\u00edas, aunque deber\u00e1 llevar una m\u00e1scara protectora.<\/p>\n<p style=\"text-align: center;\"><a href=\"https:\/\/www.futboltotal.com.mx\/2017\/07\/resultado-mexico-0-1-jamaica-copa-oro-semifinales-cronica\/\" target=\"_blank\" rel=\"noopener noreferrer\"><span style=\"color: #333399;\">VER M\u00c1S: El Tri firma fracaso en Copa Oro al caer ante Jamaica en semifinales<\/span><\/a><\/p>\n<p>&#8220;<strong>Conte<\/strong> dice que la lesi\u00f3n de <strong>Pedro<\/strong> es m\u00e1s seria de lo que se cre\u00eda. Tiene fracturas m\u00faltiples, pero, con una m\u00e1scara, deber\u00eda regresar a los entrenamientos dentro de diez d\u00edas&#8221;, escribi\u00f3 el Chelsea en un tuit.<\/p>\n<p>&nbsp;<\/p>\n<blockquote class=\"twitter-tweet\" data-lang=\"es\">\n<p dir=\"ltr\" lang=\"en\">Conte says Pedro&#8217;s injury was more serious than he thought, he has multiple fractures but with a mask he should train in 10 days. <a href=\"https:\/\/twitter.com\/hashtag\/CFCTour?src=hash\">#CFCTour<\/a><\/p>\n<p>\u2014 Chelsea FC (@ChelseaFC) <a href=\"https:\/\/twitter.com\/ChelseaFC\/status\/889416722767167488\">24 de julio de 2017<\/a><\/p><\/blockquote>\n<p><script async src=\"\/\/platform.twitter.com\/widgets.js\" charset=\"utf-8\"><\/script><\/p>\n<p>El jugador espa\u00f1ol ser\u00e1 tratado por los servicios m\u00e9dicos del club en Londres, tras sufrir el pasado s\u00e1bado una conmoci\u00f3n cerebral en el partido amistoso ante al Arsenal en Pek\u00edn.<\/p>\n<p>Hasta su salida de China, el delantero internacional permaneci\u00f3 en observaci\u00f3n en un hospital de Pek\u00edn, donde tambi\u00e9n fue curado de las lesiones sufridas en la cara, a\u00f1adi\u00f3 el Chelsea en la nota.<\/p>\n<p style=\"text-align: center;\"><a href=\"https:\/\/www.futboltotal.com.mx\/2017\/07\/aficion-del-tri-explota-grita-fuera-osorio-al-tecnico\/\" target=\"_blank\" rel=\"noopener noreferrer\"><span style=\"color: #333399;\">VER M\u00c1S: La afici\u00f3n de M\u00e9xico despide al t\u00e9cnico con el grito: &#8220;Fuera Osorio&#8221;<\/span><\/a><\/p>\n<p>En el minuto 27 de la primera mitad, <strong>Pedro<\/strong> choc\u00f3 con el portero rival, el colombiano <strong>David Ospina<\/strong>, tras lo que tuvo que ser sustituido y, aunque abandon\u00f3 el terreno renqueante, no necesit\u00f3 ser trasladado en camilla.<\/p>\n<p><iframe loading=\"lazy\" src=\"https:\/\/www.youtube.com\/embed\/hJwpEsfJKl0\" frameborder=\"0\" allowfullscreen=\"allowfullscreen\"><\/iframe><\/p>\n<p><strong>Conte<\/strong> ya confirm\u00f3 tras el amistoso que <strong>Pedro<\/strong> no iba a viajar con el equipo hacia Singapur, donde se incorporar\u00e1 a la concentraci\u00f3n el tambi\u00e9n delantero espa\u00f1ol <strong>\u00c1lvaro Morata<\/strong>, reci\u00e9n fichado por la escuadra londinense.<\/p>\n","protected":false},"excerpt":{"rendered":"<p>La lesi\u00f3n del delantero espa\u00f1ol es &#8220;m\u00e1s seria de lo que se cre\u00eda&#8221;.<\/p>\n","protected":false},"author":144,"featured_media":489957,"comment_status":"closed","ping_status":"closed","sticky":false,"template":"","format":"standard","meta":[],"categories":[3839,3846],"tags":[6044,5981,9479,3396,2383],"_links":{"self":[{"href":"http:\/\/desarrollo.grupomedios.com\/futbol\/wp-json\/wp\/v2\/posts\/489956"}],"collection":[{"href":"http:\/\/desarrollo.grupomedios.com\/futbol\/wp-json\/wp\/v2\/posts"}],"about":[{"href":"http:\/\/desarrollo.grupomedios.com\/futbol\/wp-json\/wp\/v2\/types\/post"}],"author":[{"embeddable":true,"href":"http:\/\/desarrollo.grupomedios.com\/futbol\/wp-json\/wp\/v2\/users\/144"}],"replies":[{"embeddable":true,"href":"http:\/\/desarrollo.grupomedios.com\/futbol\/wp-json\/wp\/v2\/comments?post=489956"}],"version-history":[{"count":2,"href":"http:\/\/desarrollo.grupomedios.com\/futbol\/wp-json\/wp\/v2\/posts\/489956\/revisions"}],"predecessor-version":[{"id":489959,"href":"http:\/\/desarrollo.grupomedios.com\/futbol\/wp-json\/wp\/v2\/posts\/489956\/revisions\/489959"}],"wp:featuredmedia":[{"embeddable":true,"href":"http:\/\/desarrollo.grupomedios.com\/futbol\/wp-json\/wp\/v2\/media\/489957"}],"wp:attachment":[{"href":"http:\/\/desarrollo.grupomedios.com\/futbol\/wp-json\/wp\/v2\/media?parent=489956"}],"wp:term":[{"taxonomy":"category","embeddable":true,"href":"http:\/\/desarrollo.grupomedios.com\/futbol\/wp-json\/wp\/v2\/categories?post=489956"},{"taxonomy":"post_tag","embeddable":true,"href":"http:\/\/desarrollo.grupomedios.com\/futbol\/wp-json\/wp\/v2\/tags?post=489956"}],"curies":[{"name":"wp","href":"https:\/\/api.w.org\/{rel}","templated":true}]}}