{"id":489960,"date":"2017-07-24T09:20:34","date_gmt":"2017-07-24T14:20:34","guid":{"rendered":"https:\/\/www.futboltotal.com.mx\/?p=489960"},"modified":"2017-07-24T09:20:34","modified_gmt":"2017-07-24T14:20:34","slug":"osorio-sale-del-tri-debe-ocupar-lugar","status":"publish","type":"post","link":"http:\/\/desarrollo.grupomedios.com\/futbol\/destacado-home\/osorio-sale-del-tri-debe-ocupar-lugar\/2017\/07","title":{"rendered":"Y si Osorio saliera del Tri, \u00bfqui\u00e9n debe ocupar su lugar?"},"content":{"rendered":"<p>La sorpresiva (para muchos no tanto) <a href=\"https:\/\/www.futboltotal.com.mx\/2017\/07\/resultado-mexico-0-1-jamaica-copa-oro-semifinales-cronica\/\" target=\"_blank\" rel=\"noopener noreferrer\"><span style=\"color: #333399;\">derrota de la <strong>Selecci\u00f3n Mexicana<\/strong> ante <strong>Jamaica<\/strong><\/span><\/a> en semifinales de la <strong>Copa Oro 2017<\/strong> coloca al t\u00e9cnico <strong>Juan Carlos Osorio<\/strong> en su momento\u00a0m\u00e1s complicado al frente del Tri, incluso m\u00e1s que luego de la derrota de 7-0 ante Chile en la <strong>Copa Am\u00e9rica Centenario<\/strong>, reavivando la pregunta de si el colombiano debe dejar su puesto.<\/p>\n<p>Sin embargo, \u00bfrealmente qui\u00e9nes podr\u00edan suplirlo al frente del <em><strong>Tri<\/strong><\/em>? Entre la baraja de t\u00e9cnicos &#8216;candidateables&#8217; para tomar las riendas del combinado azteca en lugar de <strong>Osorio<\/strong>, la soluci\u00f3n m\u00e1s adecuada por el momento de la selecci\u00f3n parece ser un entrenador que conozca el futbol mexicano y las virtudes y carencias de la Selecci\u00f3n.<\/p>\n<p style=\"text-align: center;\"><a href=\"https:\/\/www.futboltotal.com.mx\/2017\/07\/aficion-del-tri-explota-grita-fuera-osorio-al-tecnico\/\" target=\"_blank\" rel=\"noopener noreferrer\"><span style=\"color: #333399;\">VER M\u00c1S: Afici\u00f3n del Tri explota y despide al t\u00e9cnico gritando: &#8220;Fuera Osorio&#8221;<\/span><\/a><\/p>\n<p>Entre ellos aparece el eterno bombero tricolor, <strong>Ricardo <em>Tuca<\/em> Ferretti<\/strong>, quien apenas hace un par de a\u00f1os entr\u00f3 al quite como interino para conseguir el pase a la <strong>Copa Confederaciones<\/strong>.<\/p>\n<p>Al nivel del <em><strong>Tuca<\/strong><\/em> parece estar <strong>Miguel Herrera<\/strong>, el pol\u00e9mico <em><strong>Piojo<\/strong><\/em> que tuvo que dejar su cargo en la Selecci\u00f3n Mexicana luego del incidente con el comentarista <strong>Christian Martinoli<\/strong>, pese a que contaba con el apoyo de la afici\u00f3n y directivos luego de lo hecho por <strong>M\u00e9xico<\/strong> en el <strong>Mundial Brasil 2014<\/strong> y pese a la irregularidad vista en el t\u00edtulo de la <strong>Copa Oro 2015<\/strong>.<\/p>\n<p style=\"text-align: center;\"><a href=\"https:\/\/www.futboltotal.com.mx\/2017\/07\/los-memes-de-la-eliminacion-de-mexico-en-copa-oro\/\" target=\"_blank\" rel=\"noopener noreferrer\"><span style=\"color: #333399;\">VER M\u00c1S: Los memes de la eliminaci\u00f3n de M\u00e9xico en la Copa Oro<\/span><\/a><\/p>\n<p>Otro nombre que ha cobrado fuerza en los \u00faltimos meses es el del argentino <strong>Mat\u00edas Almeyda<\/strong>, reciente campe\u00f3n de la Liga MX con\u00a0<strong>Chivas<\/strong> y un defensor del futbolista mexicano, al que parece ya conocer pese a s\u00f3lo llevar dos a\u00f1os en el futbol mexicano.<\/p>\n<p>Otro sudamericano que se suma como alternativa es el uruguayo <strong>Diego Alonso<\/strong>, quien ha consolidado el actual proyecto de <strong>Pachuca<\/strong>, d\u00e1ndole el t\u00edtulo de la Liga MX en el torneo <strong>Clausura 2016<\/strong> y la <strong>Concachampions<\/strong> 2016-2017 para obtener el boleto al pr\u00f3ximo <strong>Mundial de Clubes<\/strong>, adem\u00e1s de un estilo de juego definido y basado en la cantera de los <em><strong>Tuzos<\/strong><\/em>.<\/p>\n<p>Pero ni las cr\u00edticas y la elevada presi\u00f3n sobre <strong>Osorio<\/strong> tras los \u00faltimos resultados podr\u00edan bastar para que el timonel cafetero salga del <em><strong>Tri<\/strong><\/em>, pues los directivos al frente de la Femexfut parecen respaldarlo por completo en busca de que cumpla el ciclo mundialista.<\/p>\n<p>Sin embargo, la afici\u00f3n pide cambios, por lo que les preguntamos a todos:\u00a0Y si <strong>Osorio<\/strong> saliera del <em><strong>Tri<\/strong><\/em>, \u00bfqui\u00e9n debe ocupar su lugar?<\/p>\n<p><script type=\"text\/javascript\" src=\"\/\/cdn.playbuzz.com\/widget\/feed.js\"><\/script><\/p>\n<div class=\"pb_feed\" data-embed-by=\"d43f3879-83ed-40bc-99d7-fde80605466f\" data-item=\"a7d4ce4f-b948-456f-a2c4-a4863901f672\" data-version=\"2\"><\/div>\n","protected":false},"excerpt":{"rendered":"<p>\u00bfQui\u00e9nes deber\u00eda suplirlo al frente del Tri entre la baraja de t\u00e9cnicos &#8216;candidateables&#8217;?<\/p>\n","protected":false},"author":20,"featured_media":489962,"comment_status":"closed","ping_status":"closed","sticky":false,"template":"","format":"standard","meta":[],"categories":[5,3839,2198,3847],"tags":[7666,824,6196,65,409],"_links":{"self":[{"href":"http:\/\/desarrollo.grupomedios.com\/futbol\/wp-json\/wp\/v2\/posts\/489960"}],"collection":[{"href":"http:\/\/desarrollo.grupomedios.com\/futbol\/wp-json\/wp\/v2\/posts"}],"about":[{"href":"http:\/\/desarrollo.grupomedios.com\/futbol\/wp-json\/wp\/v2\/types\/post"}],"author":[{"embeddable":true,"href":"http:\/\/desarrollo.grupomedios.com\/futbol\/wp-json\/wp\/v2\/users\/20"}],"replies":[{"embeddable":true,"href":"http:\/\/desarrollo.grupomedios.com\/futbol\/wp-json\/wp\/v2\/comments?post=489960"}],"version-history":[{"count":2,"href":"http:\/\/desarrollo.grupomedios.com\/futbol\/wp-json\/wp\/v2\/posts\/489960\/revisions"}],"predecessor-version":[{"id":489965,"href":"http:\/\/desarrollo.grupomedios.com\/futbol\/wp-json\/wp\/v2\/posts\/489960\/revisions\/489965"}],"wp:featuredmedia":[{"embeddable":true,"href":"http:\/\/desarrollo.grupomedios.com\/futbol\/wp-json\/wp\/v2\/media\/489962"}],"wp:attachment":[{"href":"http:\/\/desarrollo.grupomedios.com\/futbol\/wp-json\/wp\/v2\/media?parent=489960"}],"wp:term":[{"taxonomy":"category","embeddable":true,"href":"http:\/\/desarrollo.grupomedios.com\/futbol\/wp-json\/wp\/v2\/categories?post=489960"},{"taxonomy":"post_tag","embeddable":true,"href":"http:\/\/desarrollo.grupomedios.com\/futbol\/wp-json\/wp\/v2\/tags?post=489960"}],"curies":[{"name":"wp","href":"https:\/\/api.w.org\/{rel}","templated":true}]}}