{"id":489963,"date":"2017-07-24T09:00:46","date_gmt":"2017-07-24T14:00:46","guid":{"rendered":"https:\/\/www.futboltotal.com.mx\/?p=489963"},"modified":"2017-07-24T09:35:53","modified_gmt":"2017-07-24T14:35:53","slug":"presidente-del-benfica-en-inglaterra-vender-a-raul-jimenez","status":"publish","type":"post","link":"http:\/\/desarrollo.grupomedios.com\/futbol\/destacado-home\/presidente-del-benfica-en-inglaterra-vender-a-raul-jimenez\/2017\/07","title":{"rendered":"Presidente del Benfica, en Inglaterra para vender a Ra\u00fal Jim\u00e9nez"},"content":{"rendered":"<p>El Presidente del Benfica, Lu\u00eds Filipe Vieira, estar\u00eda en Inglaterra para cerrar el fichaje del delantero mexicano <b>Ra\u00fal<\/b> <b>Jim\u00e9nez<\/b>.<\/p>\n<p>El directivo de las \u00c1guilas estar\u00eda dispuesto a dejar salir a <b>Jim\u00e9nez<\/b> a la Premier League, pues clubes como Everton y <b>West<\/b> <b>Ham<\/b> se han interesado.<\/p>\n<p><span style=\"color: #3366ff;\">VER M\u00c1S: \u00bfQui\u00e9n deber\u00eda ser el t\u00e9cnico del TRI?<\/span><\/p>\n<p>Seg\u00fan informa el diario <i>Record<\/i> de Portugal, el directivo aprovech\u00f3 que el club se encuentra de pretemporada en Inglaterra para ultimar detalles sobre la transferencia del atacante examericanista.<\/p>\n<p><b>Ra\u00fal<\/b> <b>Jim\u00e9nez<\/b> no ve mal una transferencia a la Premier League y menos al West Ham, donde ser\u00eda compa\u00f1ero de Javier Hern\u00e1ndez.<\/p>\n<p><span style=\"color: #3366ff;\">VER M\u00c1S: Atl\u00e9tico de Madrid lleg\u00f3 a M\u00e9xico a &#8220;escondidas&#8221;<\/span><\/p>\n","protected":false},"excerpt":{"rendered":"<p>El mexicano dejar\u00eda las \u00c1guilas para ir a la Premier League.<\/p>\n","protected":false},"author":20,"featured_media":486926,"comment_status":"closed","ping_status":"closed","sticky":false,"template":"","format":"standard","meta":[],"categories":[5,3839,2198],"tags":[6060,219,334,742,1743],"_links":{"self":[{"href":"http:\/\/desarrollo.grupomedios.com\/futbol\/wp-json\/wp\/v2\/posts\/489963"}],"collection":[{"href":"http:\/\/desarrollo.grupomedios.com\/futbol\/wp-json\/wp\/v2\/posts"}],"about":[{"href":"http:\/\/desarrollo.grupomedios.com\/futbol\/wp-json\/wp\/v2\/types\/post"}],"author":[{"embeddable":true,"href":"http:\/\/desarrollo.grupomedios.com\/futbol\/wp-json\/wp\/v2\/users\/20"}],"replies":[{"embeddable":true,"href":"http:\/\/desarrollo.grupomedios.com\/futbol\/wp-json\/wp\/v2\/comments?post=489963"}],"version-history":[{"count":1,"href":"http:\/\/desarrollo.grupomedios.com\/futbol\/wp-json\/wp\/v2\/posts\/489963\/revisions"}],"predecessor-version":[{"id":489966,"href":"http:\/\/desarrollo.grupomedios.com\/futbol\/wp-json\/wp\/v2\/posts\/489963\/revisions\/489966"}],"wp:featuredmedia":[{"embeddable":true,"href":"http:\/\/desarrollo.grupomedios.com\/futbol\/wp-json\/wp\/v2\/media\/486926"}],"wp:attachment":[{"href":"http:\/\/desarrollo.grupomedios.com\/futbol\/wp-json\/wp\/v2\/media?parent=489963"}],"wp:term":[{"taxonomy":"category","embeddable":true,"href":"http:\/\/desarrollo.grupomedios.com\/futbol\/wp-json\/wp\/v2\/categories?post=489963"},{"taxonomy":"post_tag","embeddable":true,"href":"http:\/\/desarrollo.grupomedios.com\/futbol\/wp-json\/wp\/v2\/tags?post=489963"}],"curies":[{"name":"wp","href":"https:\/\/api.w.org\/{rel}","templated":true}]}}