{"id":489981,"date":"2017-07-24T12:04:04","date_gmt":"2017-07-24T17:04:04","guid":{"rendered":"https:\/\/www.futboltotal.com.mx\/?p=489981"},"modified":"2017-07-24T12:04:04","modified_gmt":"2017-07-24T17:04:04","slug":"chicharito-llego-a-inglaterra-firmar-west-ham","status":"publish","type":"post","link":"http:\/\/desarrollo.grupomedios.com\/futbol\/futbol-internacional\/chicharito-llego-a-inglaterra-firmar-west-ham\/2017\/07","title":{"rendered":"Chicharito lleg\u00f3 a Inglaterra para firmar con el West Ham"},"content":{"rendered":"<p>El delantero mexicano <strong>Javier <em>Chicharito<\/em> Hern\u00e1ndez<\/strong> ya est\u00e1 en Inglaterra, espec\u00edficamente en Londres, donde firmar\u00e1 el contrato que lo vincule como nuevo jugador del <strong>West Ham<\/strong>.<\/p>\n<p>El ex futbolista del <strong>Bayer Leverkusen<\/strong> arrib\u00f3 a suelo londinense y fue captado por medios de comunicaci\u00f3n, aunque <strong>Hern\u00e1ndez<\/strong> no dio declaraci\u00f3n alguna.<\/p>\n<p style=\"text-align: center;\"><a href=\"https:\/\/www.futboltotal.com.mx\/2017\/07\/ultimo-refuerzo-pumas-proveniente-espana\/\" target=\"_blank\" rel=\"noopener noreferrer\"><span style=\"color: #333399;\">VER M\u00c1S: Pumas ficha a su \u00faltimo refuerzo proveniente de Espa\u00f1a<\/span><\/a><\/p>\n<p>\u00a0<iframe loading=\"lazy\" src=\"https:\/\/www.youtube.com\/embed\/MzbnQxxJNXE\" frameborder=\"0\" allowfullscreen=\"allowfullscreen\"><\/iframe><\/p>\n<p>Se espera que el mismo d\u00eda de hoy <strong>Javier<\/strong> cumpla con el \u00fanico tr\u00e1mite que tiene pendiente su firma, pasar los ex\u00e1menes m\u00e9dicos con los <em><strong>Hammers<\/strong><\/em>.<\/p>\n<p>Luego de esto, <em><strong>Chicharito<\/strong><\/em> pondr\u00eda su r\u00fabrica en el contrato para ser el tercer mexicano en jugar con el <strong>West Ham<\/strong>, luego de las experiencias que vivieron en este club el argentino naturalizado mexicano <strong>Guillermo Franco<\/strong> y <strong>Pablo Barrera<\/strong>.<\/p>\n<p style=\"text-align: center;\"><a href=\"https:\/\/www.futboltotal.com.mx\/2017\/07\/osorio-sale-del-tri-debe-ocupar-lugar\/\" target=\"_blank\" rel=\"noopener noreferrer\"><span style=\"color: #333399;\">VER M\u00c1S: Y si Osorio saliera del Tri, \u00bfqui\u00e9n debe ocupar su lugar?<\/span><\/a><\/p>\n","protected":false},"excerpt":{"rendered":"<p>El delantero mexicano fue captado durante su llegada a Londres.<\/p>\n","protected":false},"author":20,"featured_media":489983,"comment_status":"closed","ping_status":"closed","sticky":false,"template":"","format":"standard","meta":[],"categories":[7740,3839,3846,6718],"tags":[5985,549,7655,334,1743],"_links":{"self":[{"href":"http:\/\/desarrollo.grupomedios.com\/futbol\/wp-json\/wp\/v2\/posts\/489981"}],"collection":[{"href":"http:\/\/desarrollo.grupomedios.com\/futbol\/wp-json\/wp\/v2\/posts"}],"about":[{"href":"http:\/\/desarrollo.grupomedios.com\/futbol\/wp-json\/wp\/v2\/types\/post"}],"author":[{"embeddable":true,"href":"http:\/\/desarrollo.grupomedios.com\/futbol\/wp-json\/wp\/v2\/users\/20"}],"replies":[{"embeddable":true,"href":"http:\/\/desarrollo.grupomedios.com\/futbol\/wp-json\/wp\/v2\/comments?post=489981"}],"version-history":[{"count":1,"href":"http:\/\/desarrollo.grupomedios.com\/futbol\/wp-json\/wp\/v2\/posts\/489981\/revisions"}],"predecessor-version":[{"id":489985,"href":"http:\/\/desarrollo.grupomedios.com\/futbol\/wp-json\/wp\/v2\/posts\/489981\/revisions\/489985"}],"wp:featuredmedia":[{"embeddable":true,"href":"http:\/\/desarrollo.grupomedios.com\/futbol\/wp-json\/wp\/v2\/media\/489983"}],"wp:attachment":[{"href":"http:\/\/desarrollo.grupomedios.com\/futbol\/wp-json\/wp\/v2\/media?parent=489981"}],"wp:term":[{"taxonomy":"category","embeddable":true,"href":"http:\/\/desarrollo.grupomedios.com\/futbol\/wp-json\/wp\/v2\/categories?post=489981"},{"taxonomy":"post_tag","embeddable":true,"href":"http:\/\/desarrollo.grupomedios.com\/futbol\/wp-json\/wp\/v2\/tags?post=489981"}],"curies":[{"name":"wp","href":"https:\/\/api.w.org\/{rel}","templated":true}]}}