{"id":489986,"date":"2017-07-24T12:18:06","date_gmt":"2017-07-24T17:18:06","guid":{"rendered":"https:\/\/www.futboltotal.com.mx\/?p=489986"},"modified":"2017-07-24T12:18:06","modified_gmt":"2017-07-24T17:18:06","slug":"zague-asegura-osorio-no-es-logico-coherente-improvisa","status":"publish","type":"post","link":"http:\/\/desarrollo.grupomedios.com\/futbol\/futbol-mexicano\/zague-asegura-osorio-no-es-logico-coherente-improvisa\/2017\/07","title":{"rendered":"Zague asegura: &#8220;Osorio no es l\u00f3gico ni coherente, improvisa&#8221;"},"content":{"rendered":"<p>Despu\u00e9s de que la <a href=\"https:\/\/www.futboltotal.com.mx\/2017\/07\/resultado-mexico-0-1-jamaica-copa-oro-semifinales-cronica\/\" target=\"_blank\" rel=\"noopener noreferrer\"><span style=\"color: #333399;\"><strong>Selecci\u00f3n Mexicana<\/strong> fuera eliminada por <strong>Jamaica<\/strong><\/span><\/a> en las semifinales de la <strong>Copa Oro 2017<\/strong>, el ex jugador <strong>Luis Roberto Alves <em>Zague<\/em><\/strong> afirm\u00f3 que la metodolog\u00eda que el estratega colombiano <strong>Juan Carlos Osorio<\/strong> emplea para dirigir al <em>Tricolor<\/em> &#8220;no es l\u00f3gica ni coherente&#8221;.<\/p>\n<p>La actuaci\u00f3n de <strong>M\u00e9xico<\/strong> en el torneo de selecciones de la <strong>Concacaf<\/strong> nunca se consolid\u00f3, sigui\u00f3 generando dudas y termin\u00f3 mal. Adem\u00e1s, las rotaciones en la alineaci\u00f3n, el gran sello de <strong>Osorio<\/strong>, no le han dado identidad en su f\u00fatbol a M\u00e9xico.<\/p>\n<p>&#8220;<strong>Osorio<\/strong> es un persona muy estudiosa y preparada pero creo que la metodolog\u00eda que est\u00e1 tratando de implementar en la selecci\u00f3n no es l\u00f3gica ni coherente&#8221;, dijo <strong>Alves<\/strong>.<\/p>\n<p style=\"text-align: center;\"><a href=\"https:\/\/www.futboltotal.com.mx\/2017\/07\/los-memes-de-la-eliminacion-de-mexico-en-copa-oro\/\" target=\"_blank\" rel=\"noopener noreferrer\"><span style=\"color: #333399;\">VER M\u00c1S: Los memes de la eliminaci\u00f3n de M\u00e9xico ante Jamaica<\/span><\/a><\/p>\n<p>Con 84 partidos con la selecci\u00f3n mexicana y 30 goles, el actual analista de la cadena ESPN explic\u00f3 que en &#8220;una selecci\u00f3n los experimentos no deben existir&#8221; y el t\u00e9cnico debe tener la capacidad para &#8220;saber que jugadores tiene y c\u00f3mo sacarles provecho&#8221;.<\/p>\n<p>&#8220;Las famosas rotaciones y el improvisar e inventar son terrenos delicados y en una selecci\u00f3n tienes que estar seguro. Debes tener alternativas o variantes pero dentro de la l\u00f3gica, no (basadas) en la improvisaci\u00f3n, ni en la invenci\u00f3n, esas cosas no funcionan en la selecci\u00f3n&#8221;, a\u00f1adi\u00f3.<\/p>\n<p>Sobre la decisi\u00f3n del estratega colombiano de formar dos selecciones, una para la Copa Confederaciones, con jugadores que militan en equipos de Europa, y otra para la Copa Oro, s\u00f3lo con jugadores de la liga mexicana, <strong>Zague<\/strong> dijo que fue un error.<\/p>\n<p style=\"text-align: center;\"><a href=\"https:\/\/www.futboltotal.com.mx\/2017\/07\/aficion-del-tri-explota-grita-fuera-osorio-al-tecnico\/\" target=\"_blank\" rel=\"noopener noreferrer\"><span style=\"color: #333399;\">VER M\u00c1S: Afici\u00f3n del Tri despide al t\u00e9cnico con el grito: &#8220;Fuera Osorio&#8221;<\/span><\/a><\/p>\n<p>&#8220;<strong>M\u00e9xico<\/strong> no tiene el potencial para formar dos selecciones competitivas. <strong>M\u00e9xico<\/strong> no es potencia mundial y ni siquiera <strong>Brasil<\/strong> o <strong>Argentina<\/strong> tiene condiciones de hacer dos selecciones competitivas y (si lo hacen) les costar\u00eda mucho trabajo&#8221;, apunt\u00f3.<\/p>\n<p>El mundialista en <strong>Estados Unidos 94<\/strong> dijo que la <strong>Concacaf<\/strong> comete una equivocaci\u00f3n al celebrar la <strong>Copa Oro<\/strong> cada dos a\u00f1os ya que deber\u00eda ser cada cuatro y as\u00ed &#8220;<strong>M\u00e9xico<\/strong> podr\u00eda acudir a la con su principal selecci\u00f3n que fue con la que jug\u00f3 la <strong>Confederaciones<\/strong>&#8220;.<\/p>\n<p>&#8220;De esa forma <strong>M\u00e9xico<\/strong> manifestar\u00eda su potencial y demostrar\u00eda que es el n\u00famero uno de la <strong>Concacaf<\/strong>. En la <strong>Copa<\/strong> <strong>Oro<\/strong> prevalece el aspecto econ\u00f3mico sobre el deportivo y los directivos mexicano deben entender que la prioridad esta en la parte deportiva y no en la econ\u00f3mica&#8221;, coment\u00f3.<\/p>\n<p style=\"text-align: center;\"><a href=\"https:\/\/www.futboltotal.com.mx\/2017\/07\/asi-festejo-jamaica-tras-haber-eliminado-a-mexico-en-copa-oro\/\" target=\"_blank\" rel=\"noopener noreferrer\"><span style=\"color: #333399;\">VER M\u00c1S: As\u00ed festej\u00f3 Jamaica tras dejar fuera a M\u00e9xico de la Copa Oro<\/span><\/a><\/p>\n<p>Record\u00f3 que Osorio &#8220;nunca hab\u00eda trabajado con una selecci\u00f3n&#8221; y quiz\u00e1s esa metodolog\u00eda la pudo utilizar (de mejor manera) a nivel de clubes.<\/p>\n<p>&#8220;En una selecci\u00f3n los tiempos son limitados y se tiene que aprovechar la forma de &#8216;sacarle jugo&#8217; a los jugadores&#8221;, expuso.<\/p>\n<p>Sobre la eliminaci\u00f3n de <strong>M\u00e9xico<\/strong> de la <strong>Copa Oro<\/strong>, <strong>Zague<\/strong> se\u00f1al\u00f3 que <strong>Osorio<\/strong> tiene la coartada perfecta porque &#8220;argumentar\u00e1 que no ten\u00eda a su selecci\u00f3n principal&#8221;.<\/p>\n<p>A pesar de que <strong>M\u00e9xico<\/strong> est\u00e1 pr\u00e1cticamente clasificado al Mundial&#8221;, ya que lidera el hexagonal final de la Concacaf con 14 de 18 puntos posibles, <strong>Zague<\/strong> destac\u00f3 que &#8220;en la Selecci\u00f3n Mexicana no hay evoluci\u00f3n, como todos lo queremos ver, y a <strong>Osorio<\/strong> lo trajeron para eso&#8221;, concluy\u00f3.<\/p>\n","protected":false},"excerpt":{"rendered":"<p>El ex jugador de la Selecci\u00f3n Mexicana no evit\u00f3 criticar el trabajo del colombiano.<\/p>\n","protected":false},"author":144,"featured_media":489987,"comment_status":"closed","ping_status":"closed","sticky":false,"template":"","format":"standard","meta":[],"categories":[2198,3847],"tags":[7666,6196,65,409,6556],"_links":{"self":[{"href":"http:\/\/desarrollo.grupomedios.com\/futbol\/wp-json\/wp\/v2\/posts\/489986"}],"collection":[{"href":"http:\/\/desarrollo.grupomedios.com\/futbol\/wp-json\/wp\/v2\/posts"}],"about":[{"href":"http:\/\/desarrollo.grupomedios.com\/futbol\/wp-json\/wp\/v2\/types\/post"}],"author":[{"embeddable":true,"href":"http:\/\/desarrollo.grupomedios.com\/futbol\/wp-json\/wp\/v2\/users\/144"}],"replies":[{"embeddable":true,"href":"http:\/\/desarrollo.grupomedios.com\/futbol\/wp-json\/wp\/v2\/comments?post=489986"}],"version-history":[{"count":1,"href":"http:\/\/desarrollo.grupomedios.com\/futbol\/wp-json\/wp\/v2\/posts\/489986\/revisions"}],"predecessor-version":[{"id":489988,"href":"http:\/\/desarrollo.grupomedios.com\/futbol\/wp-json\/wp\/v2\/posts\/489986\/revisions\/489988"}],"wp:featuredmedia":[{"embeddable":true,"href":"http:\/\/desarrollo.grupomedios.com\/futbol\/wp-json\/wp\/v2\/media\/489987"}],"wp:attachment":[{"href":"http:\/\/desarrollo.grupomedios.com\/futbol\/wp-json\/wp\/v2\/media?parent=489986"}],"wp:term":[{"taxonomy":"category","embeddable":true,"href":"http:\/\/desarrollo.grupomedios.com\/futbol\/wp-json\/wp\/v2\/categories?post=489986"},{"taxonomy":"post_tag","embeddable":true,"href":"http:\/\/desarrollo.grupomedios.com\/futbol\/wp-json\/wp\/v2\/tags?post=489986"}],"curies":[{"name":"wp","href":"https:\/\/api.w.org\/{rel}","templated":true}]}}