{"id":489995,"date":"2017-07-24T15:27:14","date_gmt":"2017-07-24T20:27:14","guid":{"rendered":"https:\/\/www.futboltotal.com.mx\/?p=489995"},"modified":"2017-07-24T15:27:14","modified_gmt":"2017-07-24T20:27:14","slug":"eintracht-frankfurt-presento-a-carlos-salcedo-dorsal","status":"publish","type":"post","link":"http:\/\/desarrollo.grupomedios.com\/futbol\/futbol-internacional\/eintracht-frankfurt-presento-a-carlos-salcedo-dorsal\/2017\/07","title":{"rendered":"Eintracht Frankfurt present\u00f3 a Carlos Salcedo y su dorsal"},"content":{"rendered":"<p>El jugador mexicano <strong>Carlos Salcedo<\/strong> finalmente fue presentado como nuevo jugador del <strong>Eintrach Frankfurt<\/strong> de la Bundesliga, posando en redes sociales con su nueva playera.<\/p>\n<p>Adem\u00e1s, el <em><strong>Tit\u00e1n<\/strong><\/em> revel\u00f3 el n\u00famero que utilizar\u00e1 con las <em>\u00c1guilas<\/em> alemanas, el cual ser\u00e1 el 13.<\/p>\n<p style=\"text-align: center;\"><a href=\"https:\/\/www.futboltotal.com.mx\/2017\/07\/el-candidato-ante-la-gente-para-dirigir-a-mexico-seria-yo-la-volpe\/\" target=\"_blank\" rel=\"noopener noreferrer\"><span style=\"color: #333399;\">VER M\u00c1S: La Volpe: &#8220;El candidato ante la gente para dirigir a M\u00e9xico ser\u00eda yo&#8221;<\/span><\/a><\/p>\n<p><a href=\"https:\/\/www.futboltotal.com.mx\/wp-content\/uploads\/2017\/07\/Salcedo-Eintracht1.jpg\"><img decoding=\"async\" loading=\"lazy\" class=\"aligncenter size-large wp-image-490024\" src=\"https:\/\/www.futboltotal.com.mx\/wp-content\/uploads\/2017\/07\/Salcedo-Eintracht1-1024x576.jpg\" alt=\"Eintracht Frankfurt present\u00f3 a Carlos Salcedo y su dorsal 0\" srcset=\"http:\/\/desarrollo.grupomedios.com\/futbol\/wp-content\/uploads\/2017\/07\/Salcedo-Eintracht1-1024x576.jpg 1024w, http:\/\/desarrollo.grupomedios.com\/futbol\/wp-content\/uploads\/2017\/07\/Salcedo-Eintracht1-300x169.jpg 300w, http:\/\/desarrollo.grupomedios.com\/futbol\/wp-content\/uploads\/2017\/07\/Salcedo-Eintracht1-768x432.jpg 768w, http:\/\/desarrollo.grupomedios.com\/futbol\/wp-content\/uploads\/2017\/07\/Salcedo-Eintracht1-317x178.jpg 317w, http:\/\/desarrollo.grupomedios.com\/futbol\/wp-content\/uploads\/2017\/07\/Salcedo-Eintracht1-535x301.jpg 535w, http:\/\/desarrollo.grupomedios.com\/futbol\/wp-content\/uploads\/2017\/07\/Salcedo-Eintracht1-374x210.jpg 374w, http:\/\/desarrollo.grupomedios.com\/futbol\/wp-content\/uploads\/2017\/07\/Salcedo-Eintracht1.jpg 1136w\" sizes=\"(max-width: 1024px) 100vw, 1024px\" \/><\/a><\/p>\n<p><strong>Salcedo<\/strong> sigue recuper\u00e1ndose de una lesi\u00f3n en la clav\u00edcula, sufrida durante la pasada <strong>Copa Confederaciones<\/strong> en la derrota de la <strong>Selecci\u00f3n Mexicana<\/strong> en semifinales ante <strong>Alemania<\/strong>.<\/p>\n<p>&nbsp;<\/p>\n<blockquote class=\"twitter-tweet\" data-lang=\"es\">\n<p dir=\"ltr\" lang=\"es\">\u00a1Un gusto verte en el campo, <a href=\"https:\/\/twitter.com\/Csalcedojr\">@Csalcedojr<\/a>!  <a href=\"https:\/\/twitter.com\/hashtag\/SGEgais?src=hash\">#SGEgais<\/a> <a href=\"https:\/\/t.co\/HZy96eJwTg\">pic.twitter.com\/HZy96eJwTg<\/a><\/p>\n<p>\u2014 eintracht_esp (@eintracht_esp) <a href=\"https:\/\/twitter.com\/eintracht_esp\/status\/889568365785735168\">24 de julio de 2017<\/a><\/p><\/blockquote>\n<p><script async src=\"\/\/platform.twitter.com\/widgets.js\" charset=\"utf-8\"><\/script><\/p>\n<p>El defensor central ha sido arropado por su compa\u00f1ero en selecci\u00f3n y ahora en el <strong>Eintracht<\/strong>, <strong>Marco Fabi\u00e1n<\/strong>, por lo que se espera que <strong>Salcedo<\/strong> pueda tener una pronta adaptaci\u00f3n.<\/p>\n<p style=\"text-align: center;\"><a href=\"https:\/\/www.futboltotal.com.mx\/2017\/07\/11-infame-la-jornada-1-del-apertura-2017\/\" target=\"_blank\" rel=\"noopener noreferrer\"><span style=\"color: #333399;\">VER M\u00c1S: El 11 infame de la jornada 1 del Apertura 2017<\/span><\/a><\/p>\n<p>&nbsp;<\/p>\n<blockquote class=\"twitter-tweet\" data-lang=\"es\">\n<p dir=\"ltr\" lang=\"es\">\n<p>\u00bfQu\u00e9 t\u00edtulo le pondr\u00edan a esta fotograf\u00eda? <a href=\"https:\/\/t.co\/BhMwXPxWCx\">pic.twitter.com\/BhMwXPxWCx<\/a><\/p>\n<p>\u2014 eintracht_esp (@eintracht_esp) <a href=\"https:\/\/twitter.com\/eintracht_esp\/status\/889545723070496769\">24 de julio de 2017<\/a><\/p><\/blockquote>\n<p><script async src=\"\/\/platform.twitter.com\/widgets.js\" charset=\"utf-8\"><\/script><\/p>\n<p><strong>Carlos Salcedo<\/strong> dio sus primeras declaraciones para su nuevo equipo, asegurando que volver\u00e1 a las canchas m\u00e1s fuerte en todo sentido, as\u00ed como sus deseos de poder entrenar con sus compa\u00f1eros en breve.<\/p>\n<p>&nbsp;<\/p>\n<blockquote class=\"twitter-tweet\" data-lang=\"es\">\n<p dir=\"ltr\" lang=\"es\">  Las primeras impresiones de <a href=\"https:\/\/twitter.com\/Csalcedojr\">@Csalcedojr<\/a> con <a href=\"https:\/\/twitter.com\/hashtag\/Eintracht?src=hash\">#Eintracht<\/a>: <a href=\"https:\/\/t.co\/5RhIedvrv2\">pic.twitter.com\/5RhIedvrv2<\/a><\/p>\n<p>\u2014 eintracht_esp (@eintracht_esp) <a href=\"https:\/\/twitter.com\/eintracht_esp\/status\/889575917818925057\">24 de julio de 2017<\/a><\/p><\/blockquote>\n<p><script async src=\"\/\/platform.twitter.com\/widgets.js\" charset=\"utf-8\"><\/script><\/p>\n","protected":false},"excerpt":{"rendered":"<p>El Tit\u00e1n apareci\u00f3 en redes sociales con su nueva playera.<\/p>\n","protected":false},"author":20,"featured_media":490023,"comment_status":"closed","ping_status":"closed","sticky":false,"template":"","format":"standard","meta":[],"categories":[3839,6822,6718],"tags":[119,5531,3588],"_links":{"self":[{"href":"http:\/\/desarrollo.grupomedios.com\/futbol\/wp-json\/wp\/v2\/posts\/489995"}],"collection":[{"href":"http:\/\/desarrollo.grupomedios.com\/futbol\/wp-json\/wp\/v2\/posts"}],"about":[{"href":"http:\/\/desarrollo.grupomedios.com\/futbol\/wp-json\/wp\/v2\/types\/post"}],"author":[{"embeddable":true,"href":"http:\/\/desarrollo.grupomedios.com\/futbol\/wp-json\/wp\/v2\/users\/20"}],"replies":[{"embeddable":true,"href":"http:\/\/desarrollo.grupomedios.com\/futbol\/wp-json\/wp\/v2\/comments?post=489995"}],"version-history":[{"count":1,"href":"http:\/\/desarrollo.grupomedios.com\/futbol\/wp-json\/wp\/v2\/posts\/489995\/revisions"}],"predecessor-version":[{"id":490028,"href":"http:\/\/desarrollo.grupomedios.com\/futbol\/wp-json\/wp\/v2\/posts\/489995\/revisions\/490028"}],"wp:featuredmedia":[{"embeddable":true,"href":"http:\/\/desarrollo.grupomedios.com\/futbol\/wp-json\/wp\/v2\/media\/490023"}],"wp:attachment":[{"href":"http:\/\/desarrollo.grupomedios.com\/futbol\/wp-json\/wp\/v2\/media?parent=489995"}],"wp:term":[{"taxonomy":"category","embeddable":true,"href":"http:\/\/desarrollo.grupomedios.com\/futbol\/wp-json\/wp\/v2\/categories?post=489995"},{"taxonomy":"post_tag","embeddable":true,"href":"http:\/\/desarrollo.grupomedios.com\/futbol\/wp-json\/wp\/v2\/tags?post=489995"}],"curies":[{"name":"wp","href":"https:\/\/api.w.org\/{rel}","templated":true}]}}