{"id":490018,"date":"2017-07-24T14:53:37","date_gmt":"2017-07-24T19:53:37","guid":{"rendered":"https:\/\/www.futboltotal.com.mx\/?p=490018"},"modified":"2017-07-24T14:53:37","modified_gmt":"2017-07-24T19:53:37","slug":"casemiro-le-abre-las-puertas-del-madrid-a-neymar","status":"publish","type":"post","link":"http:\/\/desarrollo.grupomedios.com\/futbol\/futbol-internacional\/casemiro-le-abre-las-puertas-del-madrid-a-neymar\/2017\/07","title":{"rendered":"Casemiro le abre las puertas del Madrid a Neymar"},"content":{"rendered":"<p><a href=\"https:\/\/www.futboltotal.com.mx\/2017\/03\/casemiro-salva-liderato-del-real-madrid-en-bilbao\/\" target=\"_blank\" rel=\"noopener noreferrer\"><span style=\"color: #333399;\"><strong>Casemiro<\/strong><\/span>,<\/a> jugador del Real Madrid y compa\u00f1ero de <a href=\"https:\/\/www.futboltotal.com.mx\/2017\/07\/neymar-y-suarez-se-llevan-bien-en-el-barcelona\/\" target=\"_blank\" rel=\"noopener noreferrer\"><span style=\"color: #333399;\"><strong>Neymar<\/strong> <\/span><\/a>en la <strong>Selecci\u00f3n de Brasil<\/strong>, le abri\u00f3 las puertas del cuadro <em>Merengue<\/em> al futbolista del <a href=\"https:\/\/www.futboltotal.com.mx\/2017\/07\/barcelona-derrota-a-juventus-en-la-international-champions-cup\/\" target=\"_blank\" rel=\"noopener noreferrer\"><span style=\"color: #333399;\"><strong>FC Barcelona<\/strong><\/span><\/a> y lo invit\u00f3 a integrarse al conjunto dirigido por <a href=\"https:\/\/www.futboltotal.com.mx\/2017\/05\/zidane-se-lleva-bano-champagne-en-plena-conferencia\/\" target=\"_blank\" rel=\"noopener noreferrer\"><span style=\"color: #333399;\"><strong>Zinedine Zidane.<\/strong><\/span><\/a><\/p>\n<p>\u201cA Neymar le corresponde decidir su futuro&#8230; \u00e9l sabe lo que tiene que hacer. \u00bfPor qu\u00e9 no juega aqu\u00ed en el Real Madrid? Aqu\u00ed ser\u00e1 bienvenido para nosotros\u201d, dijo en el mediocampista brasile\u00f1o en tono de broma para <strong>Globo.<\/strong><\/p>\n<p style=\"text-align: center;\"><a href=\"https:\/\/www.futboltotal.com.mx\/2017\/07\/el-candidato-ante-la-gente-para-dirigir-a-mexico-seria-yo-la-volpe\/\" target=\"_blank\" rel=\"noopener noreferrer\"><span style=\"color: #333399;\">VER M\u00c1S:\u00a0\u201cEl candidato ante la gente para dirigir a M\u00e9xico ser\u00eda yo\u201d: La Volpe<\/span><\/a><\/p>\n<p>Pese a que <a href=\"https:\/\/www.futboltotal.com.mx\/2017\/06\/luis-suarez-obsequia-jersey-a-promesa-del-futbol\/\" target=\"_blank\" rel=\"noopener noreferrer\"><span style=\"color: #333399;\"><strong>Su\u00e1rez<\/strong><\/span><\/a> y <a href=\"https:\/\/www.futboltotal.com.mx\/2017\/07\/messi-neymar-adelantan-regreso-reportan-barcelona\/\" target=\"_blank\" rel=\"noopener noreferrer\"><span style=\"color: #333399;\"><strong>Messi<\/strong><\/span><\/a> habr\u00edan convencido a <em>Ney<\/em> de continuar vistiendo la camiseta blaugrana y que <a href=\"https:\/\/www.futboltotal.com.mx\/2017\/07\/pique-le-aplica-epico-trolleo-a-iker-casillas\/\" target=\"_blank\" rel=\"noopener noreferrer\"><span style=\"color: #333399;\"><strong>Piqu\u00e9<\/strong> <\/span><\/a>colgara una foto a lado del carioca en la que asegur\u00f3 que el &#8217;11&#8217; no saldr\u00eda del club, el futuro de <strong>Neymar<\/strong> sigue en el aire, ya que \u00e9l propio jugador no se ha pronunciado al respecto.<\/p>\n<p>Por \u00faltimo, <strong>Casemiro<\/strong> agreg\u00f3: \u201cNo he hablado \u00faltimamente con Neymar, pero le deseo lo mejor. Neymar es una gran jugador, tengo una gran admiraci\u00f3n por \u00e9l. \u00c9l sabe lo que hace, est\u00e1 bien asesorado, su padre es una gran persona y sabe lo que est\u00e1 haciendo. Si se va del Barcelona le deseo toda la suerte del mundo y si se queda, tambi\u00e9n. Neymar es muy importante para la Selecci\u00f3n de Brasil, siempre contamos con su buen futbol\u201d.<\/p>\n<p style=\"text-align: center;\"><a href=\"https:\/\/www.futboltotal.com.mx\/2017\/07\/juventus-suma-fichaje-a-plantilla\/\" target=\"_blank\" rel=\"noopener noreferrer\"><span style=\"color: #333399;\">VER M\u00c1S:\u00a0Juventus suma otro fichaje m\u00e1s a su plantilla<\/span><\/a><\/p>\n","protected":false},"excerpt":{"rendered":"<p>Casemiro invit\u00f3 a Neymar a sumarse a la plantilla del Real Madrid<\/p>\n","protected":false},"author":20,"featured_media":489660,"comment_status":"closed","ping_status":"closed","sticky":false,"template":"","format":"standard","meta":[],"categories":[3839,3844],"tags":[5984,4468,6015,6016,248,6001,5988],"_links":{"self":[{"href":"http:\/\/desarrollo.grupomedios.com\/futbol\/wp-json\/wp\/v2\/posts\/490018"}],"collection":[{"href":"http:\/\/desarrollo.grupomedios.com\/futbol\/wp-json\/wp\/v2\/posts"}],"about":[{"href":"http:\/\/desarrollo.grupomedios.com\/futbol\/wp-json\/wp\/v2\/types\/post"}],"author":[{"embeddable":true,"href":"http:\/\/desarrollo.grupomedios.com\/futbol\/wp-json\/wp\/v2\/users\/20"}],"replies":[{"embeddable":true,"href":"http:\/\/desarrollo.grupomedios.com\/futbol\/wp-json\/wp\/v2\/comments?post=490018"}],"version-history":[{"count":1,"href":"http:\/\/desarrollo.grupomedios.com\/futbol\/wp-json\/wp\/v2\/posts\/490018\/revisions"}],"predecessor-version":[{"id":490021,"href":"http:\/\/desarrollo.grupomedios.com\/futbol\/wp-json\/wp\/v2\/posts\/490018\/revisions\/490021"}],"wp:featuredmedia":[{"embeddable":true,"href":"http:\/\/desarrollo.grupomedios.com\/futbol\/wp-json\/wp\/v2\/media\/489660"}],"wp:attachment":[{"href":"http:\/\/desarrollo.grupomedios.com\/futbol\/wp-json\/wp\/v2\/media?parent=490018"}],"wp:term":[{"taxonomy":"category","embeddable":true,"href":"http:\/\/desarrollo.grupomedios.com\/futbol\/wp-json\/wp\/v2\/categories?post=490018"},{"taxonomy":"post_tag","embeddable":true,"href":"http:\/\/desarrollo.grupomedios.com\/futbol\/wp-json\/wp\/v2\/tags?post=490018"}],"curies":[{"name":"wp","href":"https:\/\/api.w.org\/{rel}","templated":true}]}}