{"id":490022,"date":"2017-07-24T15:24:47","date_gmt":"2017-07-24T20:24:47","guid":{"rendered":"https:\/\/www.futboltotal.com.mx\/?p=490022"},"modified":"2017-07-24T15:24:47","modified_gmt":"2017-07-24T20:24:47","slug":"la-extrana-razon-por-la-que-mourinho-no-ficho-a-bale-en-el-united","status":"publish","type":"post","link":"http:\/\/desarrollo.grupomedios.com\/futbol\/futbol-internacional\/la-extrana-razon-por-la-que-mourinho-no-ficho-a-bale-en-el-united\/2017\/07","title":{"rendered":"La extra\u00f1a raz\u00f3n por la que Mourinho no fich\u00f3 a Bale para el United"},"content":{"rendered":"<p>Durante el encuentro que sostuvieron <a href=\"https:\/\/www.futboltotal.com.mx\/2017\/07\/casemiro-le-abre-las-puertas-del-madrid-a-neymar\/\" target=\"_blank\" rel=\"noopener noreferrer\"><span style=\"color: #333399;\"><strong>Real Madrid<\/strong><\/span><\/a> y <a href=\"https:\/\/www.futboltotal.com.mx\/2017\/07\/manchester-united-se-aprovecho-del-madrid-en-tanda-penales\/\" target=\"_blank\" rel=\"noopener noreferrer\"><span style=\"color: #333399;\"><strong>Manchester United<\/strong><\/span><\/a> por la <strong>International Champions Cup<\/strong>, se suscit\u00f3 un incidente bastante gracioso entre el t\u00e9cnico de los <em>Red Devils<\/em>, <a href=\"https:\/\/www.futboltotal.com.mx\/2017\/07\/posible-zlatan-regrese-jose-mourinho\/\" target=\"_blank\" rel=\"noopener noreferrer\"><span style=\"color: #333399;\"><strong>Jos\u00e9 Mourinho<\/strong><\/span><\/a> y el jugador gal\u00e9s del cuadro <em>Merengue<\/em>, <strong><a href=\"https:\/\/www.futboltotal.com.mx\/2017\/07\/gareth-bale-frustrado-lesiones-real-madrid\/\" target=\"_blank\" rel=\"noopener noreferrer\"><span style=\"color: #333399;\">Gareth Bale<\/span><\/a>.<\/strong><\/p>\n<p style=\"text-align: center;\"><a href=\"https:\/\/www.futboltotal.com.mx\/2017\/07\/casemiro-le-abre-las-puertas-del-madrid-a-neymar\/\" target=\"_blank\" rel=\"noopener noreferrer\"><span style=\"color: #333399;\">VER M\u00c1S:\u00a0Casemiro le abre las puertas del Madrid a Neymar<\/span><\/a><\/p>\n<p>El programa Jugones de la Sexta capt\u00f3 el momento justo en que &#8216;The Special One&#8217; le dijo a <strong>Bale<\/strong> que no pod\u00eda ficharlo para el <em>Man United<\/em> si no dec\u00eda en p\u00fablico que se quer\u00eda ir del conjunto <em>Blanco.<\/em><\/p>\n<p style=\"text-align: center;\"><a href=\"https:\/\/www.futboltotal.com.mx\/2017\/07\/el-candidato-ante-la-gente-para-dirigir-a-mexico-seria-yo-la-volpe\/\" target=\"_blank\" rel=\"noopener noreferrer\"><span style=\"color: #333399;\">VER M\u00c1S:\u00a0\u201cEl candidato ante la gente para dirigir a M\u00e9xico ser\u00eda yo\u201d: La Volpe<\/span><\/a><\/p>\n<p>\u201cNunca sent\u00ed que Cristiano o Bale tuvieran ganas de salir del madrid\u201d, dijo el lusitano previo al encuentro que termin\u00f3 igualado a un tanto.<\/p>\n<p style=\"text-align: center;\"><a href=\"https:\/\/www.futboltotal.com.mx\/2017\/07\/juventus-suma-fichaje-a-plantilla\/\" target=\"_blank\" rel=\"noopener noreferrer\"><span style=\"color: #333399;\">VER M\u00c1S:\u00a0Juventus suma otro fichaje m\u00e1s a su plantilla<\/span><\/a><\/p>\n<p><iframe loading=\"lazy\" src=\"https:\/\/www.youtube.com\/embed\/op-ojTnyIu0?feature=oembed\" frameborder=\"0\" allowfullscreen><\/iframe><\/p>\n","protected":false},"excerpt":{"rendered":"<p>Por esa raz\u00f3n &#8216;The Special One&#8217; no fich\u00f3 a Gareth Bale<\/p>\n","protected":false},"author":20,"featured_media":457641,"comment_status":"closed","ping_status":"closed","sticky":false,"template":"","format":"standard","meta":[],"categories":[5419,3839],"tags":[6043,288,43,5988],"_links":{"self":[{"href":"http:\/\/desarrollo.grupomedios.com\/futbol\/wp-json\/wp\/v2\/posts\/490022"}],"collection":[{"href":"http:\/\/desarrollo.grupomedios.com\/futbol\/wp-json\/wp\/v2\/posts"}],"about":[{"href":"http:\/\/desarrollo.grupomedios.com\/futbol\/wp-json\/wp\/v2\/types\/post"}],"author":[{"embeddable":true,"href":"http:\/\/desarrollo.grupomedios.com\/futbol\/wp-json\/wp\/v2\/users\/20"}],"replies":[{"embeddable":true,"href":"http:\/\/desarrollo.grupomedios.com\/futbol\/wp-json\/wp\/v2\/comments?post=490022"}],"version-history":[{"count":1,"href":"http:\/\/desarrollo.grupomedios.com\/futbol\/wp-json\/wp\/v2\/posts\/490022\/revisions"}],"predecessor-version":[{"id":490027,"href":"http:\/\/desarrollo.grupomedios.com\/futbol\/wp-json\/wp\/v2\/posts\/490022\/revisions\/490027"}],"wp:featuredmedia":[{"embeddable":true,"href":"http:\/\/desarrollo.grupomedios.com\/futbol\/wp-json\/wp\/v2\/media\/457641"}],"wp:attachment":[{"href":"http:\/\/desarrollo.grupomedios.com\/futbol\/wp-json\/wp\/v2\/media?parent=490022"}],"wp:term":[{"taxonomy":"category","embeddable":true,"href":"http:\/\/desarrollo.grupomedios.com\/futbol\/wp-json\/wp\/v2\/categories?post=490022"},{"taxonomy":"post_tag","embeddable":true,"href":"http:\/\/desarrollo.grupomedios.com\/futbol\/wp-json\/wp\/v2\/tags?post=490022"}],"curies":[{"name":"wp","href":"https:\/\/api.w.org\/{rel}","templated":true}]}}