{"id":490026,"date":"2017-07-24T15:39:30","date_gmt":"2017-07-24T20:39:30","guid":{"rendered":"https:\/\/www.futboltotal.com.mx\/?p=490026"},"modified":"2017-07-24T15:39:30","modified_gmt":"2017-07-24T20:39:30","slug":"guillermo-cantu-hablo-las-rotaciones-la-continuidad-osorio-en-tri","status":"publish","type":"post","link":"http:\/\/desarrollo.grupomedios.com\/futbol\/destacado-home\/guillermo-cantu-hablo-las-rotaciones-la-continuidad-osorio-en-tri\/2017\/07","title":{"rendered":"Cant\u00fa respald\u00f3 a Osorio asegurando que \u00e9l y sus rotaciones se quedan"},"content":{"rendered":"<p>Tras la<span style=\"color: #3366ff;\"><a style=\"color: #3366ff;\" href=\"https:\/\/www.futboltotal.com.mx\/2017\/07\/resultado-mexico-0-1-jamaica-copa-oro-semifinales-cronica\/\" target=\"_blank\" rel=\"noopener noreferrer\"> eliminaci\u00f3n de M\u00e9xico ante Jamaica en la Copa Oro 2017<\/a><\/span>, los cuestionamientos sobre el proceso de <strong>Juan Carlos Osorio<\/strong> al mando del TRI comenzaron a salir.<\/p>\n<p>Pero fue el secretario general de la Federaci\u00f3n Mexicana de Futbol (FMF), <strong>Guillermo Cant\u00fa<\/strong>, quien sali\u00f3 a respaldar nuevamente el proceso del colombiano, asegurando que su m\u00e9todo de rotaciones lleg\u00f3 para quedarse.<\/p>\n<p style=\"text-align: center;\"><span style=\"color: #3366ff;\"><a style=\"color: #3366ff;\" href=\"https:\/\/www.futboltotal.com.mx\/2017\/07\/el-candidato-ante-la-gente-para-dirigir-a-mexico-seria-yo-la-volpe\/\">VER M\u00c1S: &#8220;El candidato ante la gente para dirigir a M\u00e9xico ser\u00eda yo\u201d: La Volpe<\/a><\/span><\/p>\n<p>\u201cLas rotaciones, las modificaciones, los cambios, c\u00f3mo los quieran llamar, esa palabra se ha satanizado mucho y llegaron para quedarse\u201d, dijo el directivo en el hotel sede del Tricolor antes de salir rumbo al aeropuerto de Los \u00c1ngeles y volver a la Ciudad de M\u00e9xico.<\/p>\n<p>Uno de los argumentos que present\u00f3 Cant\u00fa, fue el sistema de Osorio, asegurando que en estos \u00faltimos a\u00f1os se ha vuelto una necesidad, por lo que coment\u00f3 que en la FMF se comparte al 100 por ciento su forma de trabajo.<\/p>\n<p><a href=\"https:\/\/www.futboltotal.com.mx\/wp-content\/uploads\/2017\/06\/osorio-oculta-la-verdad-sobre-baja-de-tecatito.jpg\"><img decoding=\"async\" loading=\"lazy\" class=\"alignnone size-full wp-image-483857\" src=\"https:\/\/www.futboltotal.com.mx\/wp-content\/uploads\/2017\/06\/osorio-oculta-la-verdad-sobre-baja-de-tecatito.jpg\" alt=\"Cant\u00fa respald\u00f3 a Osorio asegurando que \u00e9l y sus rotaciones se quedan 0\" srcset=\"http:\/\/desarrollo.grupomedios.com\/futbol\/wp-content\/uploads\/2017\/06\/osorio-oculta-la-verdad-sobre-baja-de-tecatito.jpg 1136w, http:\/\/desarrollo.grupomedios.com\/futbol\/wp-content\/uploads\/2017\/06\/osorio-oculta-la-verdad-sobre-baja-de-tecatito-300x169.jpg 300w, http:\/\/desarrollo.grupomedios.com\/futbol\/wp-content\/uploads\/2017\/06\/osorio-oculta-la-verdad-sobre-baja-de-tecatito-768x432.jpg 768w, http:\/\/desarrollo.grupomedios.com\/futbol\/wp-content\/uploads\/2017\/06\/osorio-oculta-la-verdad-sobre-baja-de-tecatito-1024x576.jpg 1024w, http:\/\/desarrollo.grupomedios.com\/futbol\/wp-content\/uploads\/2017\/06\/osorio-oculta-la-verdad-sobre-baja-de-tecatito-317x178.jpg 317w, http:\/\/desarrollo.grupomedios.com\/futbol\/wp-content\/uploads\/2017\/06\/osorio-oculta-la-verdad-sobre-baja-de-tecatito-535x301.jpg 535w, http:\/\/desarrollo.grupomedios.com\/futbol\/wp-content\/uploads\/2017\/06\/osorio-oculta-la-verdad-sobre-baja-de-tecatito-374x210.jpg 374w\" sizes=\"(max-width: 1136px) 100vw, 1136px\" \/><\/a><\/p>\n<p>\u201cEn el futbol de alto rendimiento, como por ejemplo en Europa, son una necesidad.<\/p>\n<p>\u201cPara adquirir experiencia se requiere de esa oportunidad, lo cual es espectacular cuando est\u00e1s con una selecci\u00f3n, porque se convocan jugadores con un nivel alto y el hecho de encerrarte con 11 ser\u00eda un error, por eso compartimos ese estilo, es un cambio que pude ser estructural y nos va a llevar un tiempo entender\u201d, agreg\u00f3.<\/p>\n<p style=\"text-align: center;\"><span style=\"color: #3366ff;\"><a style=\"color: #3366ff;\" href=\"https:\/\/www.futboltotal.com.mx\/2017\/07\/11-infame-la-jornada-1-del-apertura-2017\/\">VER M\u00c1S: El 11 infame de la jornada 1 del Apertura 2017<\/a><\/span><\/p>\n<p>Respecto a la actuaci\u00f3n que tuvo el <strong>TRI<\/strong> en Copa Confederaciones y Copa Oro, el directivo hizo un balance positivo y dijo confiar plenamente en el proyecto del colombiano.<\/p>\n<p>\u201cEl balance es bueno, s\u00ed creo que quedan cosas, a pesar de lo doloroso que es perder y de la pena que puede causarnos a todos, creo que hay cosas en las que podemos seguir sosteni\u00e9ndonos para seguir creciendo.<\/p>\n<p>\u201cEl proceso de crecimiento a veces es doloroso, insisto, de lo que platicamos hace algunos d\u00edas al d\u00eda de hoy no ha cambiado pr\u00e1cticamente en nada\u201d, finaliz\u00f3.<\/p>\n","protected":false},"excerpt":{"rendered":"<p>El directivo respald\u00f3 el proceso de Osorio.<\/p>\n","protected":false},"author":20,"featured_media":483857,"comment_status":"closed","ping_status":"closed","sticky":false,"template":"","format":"standard","meta":[],"categories":[5,2198],"tags":[6196],"_links":{"self":[{"href":"http:\/\/desarrollo.grupomedios.com\/futbol\/wp-json\/wp\/v2\/posts\/490026"}],"collection":[{"href":"http:\/\/desarrollo.grupomedios.com\/futbol\/wp-json\/wp\/v2\/posts"}],"about":[{"href":"http:\/\/desarrollo.grupomedios.com\/futbol\/wp-json\/wp\/v2\/types\/post"}],"author":[{"embeddable":true,"href":"http:\/\/desarrollo.grupomedios.com\/futbol\/wp-json\/wp\/v2\/users\/20"}],"replies":[{"embeddable":true,"href":"http:\/\/desarrollo.grupomedios.com\/futbol\/wp-json\/wp\/v2\/comments?post=490026"}],"version-history":[{"count":1,"href":"http:\/\/desarrollo.grupomedios.com\/futbol\/wp-json\/wp\/v2\/posts\/490026\/revisions"}],"predecessor-version":[{"id":490033,"href":"http:\/\/desarrollo.grupomedios.com\/futbol\/wp-json\/wp\/v2\/posts\/490026\/revisions\/490033"}],"wp:featuredmedia":[{"embeddable":true,"href":"http:\/\/desarrollo.grupomedios.com\/futbol\/wp-json\/wp\/v2\/media\/483857"}],"wp:attachment":[{"href":"http:\/\/desarrollo.grupomedios.com\/futbol\/wp-json\/wp\/v2\/media?parent=490026"}],"wp:term":[{"taxonomy":"category","embeddable":true,"href":"http:\/\/desarrollo.grupomedios.com\/futbol\/wp-json\/wp\/v2\/categories?post=490026"},{"taxonomy":"post_tag","embeddable":true,"href":"http:\/\/desarrollo.grupomedios.com\/futbol\/wp-json\/wp\/v2\/tags?post=490026"}],"curies":[{"name":"wp","href":"https:\/\/api.w.org\/{rel}","templated":true}]}}