{"id":490029,"date":"2017-07-24T17:51:49","date_gmt":"2017-07-24T22:51:49","guid":{"rendered":"https:\/\/www.futboltotal.com.mx\/?p=490029"},"modified":"2017-07-24T17:51:19","modified_gmt":"2017-07-24T22:51:19","slug":"west-ham-oficial-fichaje-chicharito-hernandez","status":"publish","type":"post","link":"http:\/\/desarrollo.grupomedios.com\/futbol\/destacado-home\/west-ham-oficial-fichaje-chicharito-hernandez\/2017\/07","title":{"rendered":"West Ham lo hace oficial: Chicharito Hern\u00e1ndez es un &#8216;Hammer&#8217;"},"content":{"rendered":"<p>El mexicano <strong>Javier <em>Chicharito<\/em> Hern\u00e1ndez<\/strong> ya tiene nuevo equipo, luego de que pasara los ex\u00e1menes m\u00e9dicos y firmara contrato con el <strong>West Ham<\/strong> de la <strong>Premier League<\/strong> inglesa, procedente del <strong>Bayer Leverkusen<\/strong>.<\/p>\n<p>Los <em><strong>Hammers<\/strong><\/em> informaron en su sitio web y redes sociales que <em><strong>Chicharito<\/strong><\/em> firm\u00f3 el contrato que lo vincula con el cuadro londinense, por el que han pagado <strong>16 millones de libras<\/strong> (cerca de <strong>20.8 millones de d\u00f3lares<\/strong>) a cambio de tres temporadas.<\/p>\n<p><strong>Javier<\/strong> aparece en un video publicado en Twitter por <strong>West Ham<\/strong>, en el que dio sus primeras palabras dirigidas a su nueva afici\u00f3n, por la que asegura dar\u00e1 lo mejor en busca de una temporada prometedora.<\/p>\n<p style=\"text-align: center;\"><a href=\"https:\/\/www.futboltotal.com.mx\/2017\/07\/el-candidato-ante-la-gente-para-dirigir-a-mexico-seria-yo-la-volpe\/\" target=\"_blank\" rel=\"noopener noreferrer\"><span style=\"color: #333399;\">VER M\u00c1S: La Volpe: &#8220;El candidato ante la gente para dirigir a M\u00e9xico ser\u00eda yo&#8221;<\/span><\/a><\/p>\n<p>&nbsp;<\/p>\n<blockquote class=\"twitter-video\" data-lang=\"es\">\n<p dir=\"ltr\" lang=\"en\">Worth the wait.. &#x1f609;<a href=\"https:\/\/twitter.com\/hashtag\/WelcomeChicha?src=hash\">#WelcomeChicha<\/a> <a href=\"https:\/\/t.co\/ZPJQLPnRpb\">pic.twitter.com\/ZPJQLPnRpb<\/a><\/p>\n<p>\u2014 West Ham United (@WestHamUtd) <a href=\"https:\/\/twitter.com\/WestHamUtd\/status\/889581049537277954\">24 de julio de 2017<\/a><\/p><\/blockquote>\n<p><script async src=\"\/\/platform.twitter.com\/widgets.js\" charset=\"utf-8\"><\/script><\/p>\n<p>Adem\u00e1s, <em><strong>Chicharito<\/strong><\/em> tambi\u00e9n habl\u00f3 para el sitio de los <em><strong>Hammers<\/strong><\/em>, confesando que su llegada al club ingl\u00e9s lo tiene muy feliz.<\/p>\n<p>\u201cPara m\u00ed, la Premier League es la mejor liga en el mundo y cuando la oportunidad apareci\u00f3 estaba desesperado por firmar con el club.<\/p>\n<p>&#8220;No fue una decisi\u00f3n dif\u00edcil. <strong>West Ham<\/strong> es un club hist\u00f3rico y muy ambicioso &#8211; este verano se pueden ver los jugadores fichados en busca de una muy buena temporada&#8221;, asegur\u00f3 el goleador mexicano.<\/p>\n<p style=\"text-align: center;\"><a href=\"https:\/\/www.futboltotal.com.mx\/2017\/07\/11-infame-la-jornada-1-del-apertura-2017\/\" target=\"_blank\" rel=\"noopener noreferrer\"><span style=\"color: #333399;\">VER M\u00c1S: El 11 ideal de la jornada 1 del Apertura 2017<\/span><\/a><\/p>\n<p><a href=\"https:\/\/www.futboltotal.com.mx\/wp-content\/uploads\/2017\/07\/Chicharito-West-Ham2.jpg\"><img decoding=\"async\" loading=\"lazy\" class=\"aligncenter size-large wp-image-490031\" src=\"https:\/\/www.futboltotal.com.mx\/wp-content\/uploads\/2017\/07\/Chicharito-West-Ham2-1024x576.jpg\" alt=\"West Ham lo hace oficial: Chicharito Hern\u00e1ndez es un &#8216;Hammer&#8217; 0\" srcset=\"http:\/\/desarrollo.grupomedios.com\/futbol\/wp-content\/uploads\/2017\/07\/Chicharito-West-Ham2-1024x576.jpg 1024w, http:\/\/desarrollo.grupomedios.com\/futbol\/wp-content\/uploads\/2017\/07\/Chicharito-West-Ham2-300x169.jpg 300w, http:\/\/desarrollo.grupomedios.com\/futbol\/wp-content\/uploads\/2017\/07\/Chicharito-West-Ham2-768x432.jpg 768w, http:\/\/desarrollo.grupomedios.com\/futbol\/wp-content\/uploads\/2017\/07\/Chicharito-West-Ham2-317x178.jpg 317w, http:\/\/desarrollo.grupomedios.com\/futbol\/wp-content\/uploads\/2017\/07\/Chicharito-West-Ham2-535x301.jpg 535w, http:\/\/desarrollo.grupomedios.com\/futbol\/wp-content\/uploads\/2017\/07\/Chicharito-West-Ham2-374x210.jpg 374w, http:\/\/desarrollo.grupomedios.com\/futbol\/wp-content\/uploads\/2017\/07\/Chicharito-West-Ham2.jpg 1136w\" sizes=\"(max-width: 1024px) 100vw, 1024px\" \/><\/a><\/p>\n<p>Asimismo, <strong>Chicharito<\/strong> confes\u00f3 que la Premier\u00a0es una liga a la que le tiene\u00a0un cari\u00f1o\u00a0especial debido a que fue donde comenz\u00f3 su aventura con Europa, cuando en 2010 lo fich\u00f3 el <strong>Manchester United<\/strong> proveniente de <strong>Chivas<\/strong>.<\/p>\n<p>&#8220;He tenido 3 fant\u00e1sticos a\u00f1os jugando en Espa\u00f1a y Alemania, pero Inglaterra realmente fue el primer gran cap\u00edtulo en mi carrera y estoy muy feliz de estar de vuelta. Estoy desesperado por empezar la campa\u00f1a y ayudar al equipo a conseguir todos los objetivos&#8221;, agreg\u00f3 Javier.<\/p>\n<p>&nbsp;<\/p>\n<blockquote class=\"twitter-video\" data-lang=\"es\">\n<p dir=\"ltr\" lang=\"und\">&#x1f44b; <a href=\"https:\/\/t.co\/xNm1vyrPHG\">pic.twitter.com\/xNm1vyrPHG<\/a><\/p>\n<p>\u2014 West Ham United (@WestHamUtd) <a href=\"https:\/\/twitter.com\/WestHamUtd\/status\/889586878927826944\">24 de julio de 2017<\/a><\/p><\/blockquote>\n<p><script async src=\"\/\/platform.twitter.com\/widgets.js\" charset=\"utf-8\"><\/script><\/p>\n<p style=\"text-align: center;\"><a href=\"https:\/\/www.futboltotal.com.mx\/2017\/07\/rafael-carioca-a-paso-ultimo-refuerzo-tigres\/\" target=\"_blank\" rel=\"noopener noreferrer\"><span style=\"color: #333399;\">VER M\u00c1S: Rafael Carioca, a un paso de ser refuerzo de los Tigres<\/span><\/a><\/p>\n<p>David Sullivan, uno de los presidentes de los <em><strong>Hammers<\/strong><\/em>, tambi\u00e9n tuvo palabras de aliento para el mexicano.<\/p>\n<p>\u201cEstamos emocionados de recibir a Javier como la \u00faltima gran contrataci\u00f3n para el plantel del West Ham. Luego de las llegadas de\u00a0Pablo Zabaleta, Joe Hart y\u00a0Marko Arnautovic, \u00e9l es otro profesional de clase mundial que traer\u00e1 mucha experiencia y calidad al club.<\/p>\n<p>&#8220;(Chicharito) ha probado su calidad anotadora en la Premier League, La Liga y Bundesliga , as\u00ed como en la Champions League y a nivel internacional con M\u00e9xico. estamos ansiosos de ver a Javier marcar goles con la playera azul y vinotinto (los colores del West Ham)&#8221;, asegur\u00f3 el directivo.<\/p>\n","protected":false},"excerpt":{"rendered":"<p>El delantero mexicano confes\u00f3 su emoci\u00f3n por volver a la Premier League.<\/p>\n","protected":false},"author":20,"featured_media":490030,"comment_status":"closed","ping_status":"closed","sticky":false,"template":"","format":"standard","meta":[],"categories":[5,7740,3839,3846,6718],"tags":[549,7655,334,1743],"_links":{"self":[{"href":"http:\/\/desarrollo.grupomedios.com\/futbol\/wp-json\/wp\/v2\/posts\/490029"}],"collection":[{"href":"http:\/\/desarrollo.grupomedios.com\/futbol\/wp-json\/wp\/v2\/posts"}],"about":[{"href":"http:\/\/desarrollo.grupomedios.com\/futbol\/wp-json\/wp\/v2\/types\/post"}],"author":[{"embeddable":true,"href":"http:\/\/desarrollo.grupomedios.com\/futbol\/wp-json\/wp\/v2\/users\/20"}],"replies":[{"embeddable":true,"href":"http:\/\/desarrollo.grupomedios.com\/futbol\/wp-json\/wp\/v2\/comments?post=490029"}],"version-history":[{"count":4,"href":"http:\/\/desarrollo.grupomedios.com\/futbol\/wp-json\/wp\/v2\/posts\/490029\/revisions"}],"predecessor-version":[{"id":490043,"href":"http:\/\/desarrollo.grupomedios.com\/futbol\/wp-json\/wp\/v2\/posts\/490029\/revisions\/490043"}],"wp:featuredmedia":[{"embeddable":true,"href":"http:\/\/desarrollo.grupomedios.com\/futbol\/wp-json\/wp\/v2\/media\/490030"}],"wp:attachment":[{"href":"http:\/\/desarrollo.grupomedios.com\/futbol\/wp-json\/wp\/v2\/media?parent=490029"}],"wp:term":[{"taxonomy":"category","embeddable":true,"href":"http:\/\/desarrollo.grupomedios.com\/futbol\/wp-json\/wp\/v2\/categories?post=490029"},{"taxonomy":"post_tag","embeddable":true,"href":"http:\/\/desarrollo.grupomedios.com\/futbol\/wp-json\/wp\/v2\/tags?post=490029"}],"curies":[{"name":"wp","href":"https:\/\/api.w.org\/{rel}","templated":true}]}}