{"id":490038,"date":"2017-07-24T16:21:48","date_gmt":"2017-07-24T21:21:48","guid":{"rendered":"https:\/\/www.futboltotal.com.mx\/?p=490038"},"modified":"2017-07-24T16:21:48","modified_gmt":"2017-07-24T21:21:48","slug":"presidente-pachuca-pide-a-osorio-escuche-a-la-aficion","status":"publish","type":"post","link":"http:\/\/desarrollo.grupomedios.com\/futbol\/futbol-mexicano\/presidente-pachuca-pide-a-osorio-escuche-a-la-aficion\/2017\/07","title":{"rendered":"Presidente de Pachuca pide a Osorio que escuche a la afici\u00f3n"},"content":{"rendered":"<p>El Presidente de Grupo Pachuca,<strong> Jes\u00fas Mart\u00ednez<\/strong>, habl\u00f3 sobre la continuidad de<strong> Juan Carlos Osorio<\/strong> y los resultados que ha obtenido en su proceso con la <strong>Selecci\u00f3n Mexicana<\/strong>.<\/p>\n<p>Ante los objetivos no conseguidos, el dirigente habl\u00f3 que tras las derrotas, <strong>Osorio<\/strong> tiene ante s\u00ed \u201cuna oportunidad para escuchar a nuestra afici\u00f3n, que es la que verdaderamente vale\u201d.<\/p>\n<p>En entrevista con<em> ESPN Radio F\u00f3rmula<\/em>,<strong> Mart\u00ednez<\/strong> cuestion\u00f3 los m\u00e9todos del colombiano, sobre todo con su sistema de rotaciones, algo que se ha convertido en una tendencia en el entorno del combinado nacional.<\/p>\n<p style=\"text-align: center;\"><span style=\"color: #3366ff;\"><a style=\"color: #3366ff;\" href=\"https:\/\/www.futboltotal.com.mx\/2017\/07\/alexi-lalas-celebro-gol-jamaica-elimino-a-mexico\/\">VER M\u00c1S: Alexi Lalas celebr\u00f3 el gol con el que Jamaica elimin\u00f3 a M\u00e9xico<\/a><\/span><\/p>\n<p>\u201cAl no hacer rotaciones, el equipo tendr\u00eda un mejor juego de conjunto. El profe es un hombre muy inteligente y este derecho de piso que se le est\u00e1 cobrando, la voz de la afici\u00f3n que es la m\u00e1s importante, hay que escucharla. Aqu\u00ed no es por bien de los directivos, ni de la prensa, sino de la afici\u00f3n para que lo entienda. Es un hombre inteligente. El principal problema es el funcionamiento del equipo y parte de eso, son las rotaciones. Tiene que entender que no debe hacer ese tipo de rotaciones\u201d, explic\u00f3.<\/p>\n<p><strong>Jes\u00fas Mart\u00ednez<\/strong>\u00a0fue insistente en el tema de la debilidad que tiene <strong>Osorio<\/strong>, como son las rotaciones, algo que el mandatario dijo no entender.<\/p>\n<p style=\"text-align: center;\"><span style=\"color: #3366ff;\"><a style=\"color: #3366ff;\" href=\"https:\/\/www.futboltotal.com.mx\/2017\/07\/eintracht-frankfurt-presento-a-carlos-salcedo-dorsal\/\">VER M\u00c1S: Eintracht Frankfurt present\u00f3 a Carlos Salcedo y su dorsal<\/a><\/span><\/p>\n<p>\u201cTienen que estar en esa sinton\u00eda porque con la experiencia que tiene, no la podemos desaprovechar. Tiene muchas fortalezas y debilidades, y una de esas es esta. Si no cambias, lo siento mucho, no llegaremos a nada\u201d.<\/p>\n<p>\u201cEjemplo, los delanteros de ayer, porque debimos llevar a uno de m\u00e1s experiencia. No llevaron contenciones a la Copa Confederaciones\u201d, finaliz\u00f3.<\/p>\n","protected":false},"excerpt":{"rendered":"<p>Jes\u00fas Mart\u00ednez confes\u00f3 que no entiende su sistema de juego.<\/p>\n","protected":false},"author":20,"featured_media":448756,"comment_status":"closed","ping_status":"closed","sticky":false,"template":"","format":"standard","meta":[],"categories":[2198],"tags":[654,6196,5968],"_links":{"self":[{"href":"http:\/\/desarrollo.grupomedios.com\/futbol\/wp-json\/wp\/v2\/posts\/490038"}],"collection":[{"href":"http:\/\/desarrollo.grupomedios.com\/futbol\/wp-json\/wp\/v2\/posts"}],"about":[{"href":"http:\/\/desarrollo.grupomedios.com\/futbol\/wp-json\/wp\/v2\/types\/post"}],"author":[{"embeddable":true,"href":"http:\/\/desarrollo.grupomedios.com\/futbol\/wp-json\/wp\/v2\/users\/20"}],"replies":[{"embeddable":true,"href":"http:\/\/desarrollo.grupomedios.com\/futbol\/wp-json\/wp\/v2\/comments?post=490038"}],"version-history":[{"count":1,"href":"http:\/\/desarrollo.grupomedios.com\/futbol\/wp-json\/wp\/v2\/posts\/490038\/revisions"}],"predecessor-version":[{"id":490051,"href":"http:\/\/desarrollo.grupomedios.com\/futbol\/wp-json\/wp\/v2\/posts\/490038\/revisions\/490051"}],"wp:featuredmedia":[{"embeddable":true,"href":"http:\/\/desarrollo.grupomedios.com\/futbol\/wp-json\/wp\/v2\/media\/448756"}],"wp:attachment":[{"href":"http:\/\/desarrollo.grupomedios.com\/futbol\/wp-json\/wp\/v2\/media?parent=490038"}],"wp:term":[{"taxonomy":"category","embeddable":true,"href":"http:\/\/desarrollo.grupomedios.com\/futbol\/wp-json\/wp\/v2\/categories?post=490038"},{"taxonomy":"post_tag","embeddable":true,"href":"http:\/\/desarrollo.grupomedios.com\/futbol\/wp-json\/wp\/v2\/tags?post=490038"}],"curies":[{"name":"wp","href":"https:\/\/api.w.org\/{rel}","templated":true}]}}