{"id":490046,"date":"2017-07-24T15:50:24","date_gmt":"2017-07-24T20:50:24","guid":{"rendered":"https:\/\/www.futboltotal.com.mx\/?p=490046"},"modified":"2017-07-24T16:20:09","modified_gmt":"2017-07-24T21:20:09","slug":"keisuke-honda-ya-quiere-debutar-con-pachuca","status":"publish","type":"post","link":"http:\/\/desarrollo.grupomedios.com\/futbol\/destacado-home\/keisuke-honda-ya-quiere-debutar-con-pachuca\/2017\/07","title":{"rendered":"Keisuke Honda ya quiere debutar con Pachuca"},"content":{"rendered":"<p>El refuerzo &#8216;Bomba&#8217; de los <em>Tuzos<\/em> del <strong><a href=\"https:\/\/www.futboltotal.com.mx\/2017\/07\/pachuca-presenta-uniforme-visitante\/\" target=\"_blank\" rel=\"noopener noreferrer\"><span style=\"color: #333399;\">Pachuca<\/span><\/a>, <a href=\"https:\/\/www.futboltotal.com.mx\/2017\/07\/debut-de-honda-con-pachuca-podria-ser-en-tres-o-cuatro-semanas\/\" target=\"_blank\" rel=\"noopener noreferrer\"><span style=\"color: #333399;\">Keisuke Honda<\/span><\/a><\/strong>, a\u00fan no tiene fecha para debutar en la <strong>Liga MX<\/strong>, pero de acuerdo con Goal, el jugador nip\u00f3n podr\u00eda ver acci\u00f3n en la <strong>Jornada 2,<\/strong> cuando los dirigidos por <a href=\"https:\/\/www.futboltotal.com.mx\/2017\/05\/diego-alonso-renueva-contrato-pachuca\/\" target=\"_blank\" rel=\"noopener noreferrer\"><span style=\"color: #333399;\"><strong>Diego Alonso<\/strong><\/span><\/a> reciban al <a href=\"https:\/\/www.futboltotal.com.mx\/2017\/07\/guia-apertura-2017-america-a-retomar-vuelo-piojo\/\" target=\"_blank\" rel=\"noopener noreferrer\"><span style=\"color: #333399;\"><strong>Am\u00e9rica<\/strong> <\/span><\/a>en la cancha del <strong>Hidalgo.<\/strong><\/p>\n<p>Por su parte, <strong>Honda<\/strong> public\u00f3 un mensaje a trav\u00e9s de su cuenta oficial de <strong>Twitter<\/strong> en el que dej\u00f3 en claro que ya quiere debutar.<\/p>\n<p style=\"text-align: center;\"><a href=\"https:\/\/www.futboltotal.com.mx\/2017\/07\/west-ham-oficial-fichaje-chicharito-hernandez\/\" target=\"_blank\" rel=\"noopener noreferrer\"><span style=\"color: #333399;\">VER M\u00c1S:\u00a0West Ham lo hace oficial: Chicharito Hern\u00e1ndez es un \u2018Hammer\u2019<\/span><\/a><\/p>\n<p>\u201cEscuch\u00e9 que necesito 3 o 4 semanas, pero que podr\u00e9 volver a jugar antes de lo esperado. Me siento bien\u201d, public\u00f3 el nip\u00f3n.<\/p>\n<p>&nbsp;<\/p>\n<blockquote class=\"twitter-tweet\" data-lang=\"es\">\n<p dir=\"ltr\" lang=\"en\">I heard that I need 3 to 4 weeks but I think that I can come back earlier than expected. I feel good.<\/p>\n<p>\u2014 KeisukeHonda(\u672c\u7530\u572d\u4f51) (@kskgroup2017) <a href=\"https:\/\/twitter.com\/kskgroup2017\/status\/889540606388613121\">24 de julio de 2017<\/a><\/p><\/blockquote>\n<p><script async src=\"\/\/platform.twitter.com\/widgets.js\" charset=\"utf-8\"><\/script><\/p>\n<p style=\"text-align: center;\"><a href=\"https:\/\/www.futboltotal.com.mx\/2017\/07\/alexi-lalas-celebro-gol-jamaica-elimino-a-mexico\/\" target=\"_blank\" rel=\"noopener noreferrer\"><span style=\"color: #333399;\">VER M\u00c1S:\u00a0Alexi Lalas celebr\u00f3 el gol con el que Jamaica elimin\u00f3 a M\u00e9xico<\/span><\/a><\/p>\n<p>Cabe recordar que el futbolista asi\u00e1tico no vio actividad el pasado domingo, en el encuentro que los <em>Tuzos<\/em> perdieron 1-0 ante los <a href=\"https:\/\/www.futboltotal.com.mx\/2017\/07\/ultimo-refuerzo-pumas-proveniente-espana\/\" target=\"_blank\" rel=\"noopener noreferrer\"><span style=\"color: #333399;\"><strong>Pumas de la UNAM<\/strong> <\/span><\/a>en la cancha del <strong>Ol\u00edmpico Universitario<\/strong> y presenci\u00f3 el juego desde el palco.<\/p>\n","protected":false},"excerpt":{"rendered":"<p>Keisuke Honda desea debutar lo antes posible con Pachuca.<\/p>\n","protected":false},"author":20,"featured_media":490048,"comment_status":"closed","ping_status":"closed","sticky":false,"template":"","format":"standard","meta":[],"categories":[5,2198,3845],"tags":[5959,3323,6092,5968],"_links":{"self":[{"href":"http:\/\/desarrollo.grupomedios.com\/futbol\/wp-json\/wp\/v2\/posts\/490046"}],"collection":[{"href":"http:\/\/desarrollo.grupomedios.com\/futbol\/wp-json\/wp\/v2\/posts"}],"about":[{"href":"http:\/\/desarrollo.grupomedios.com\/futbol\/wp-json\/wp\/v2\/types\/post"}],"author":[{"embeddable":true,"href":"http:\/\/desarrollo.grupomedios.com\/futbol\/wp-json\/wp\/v2\/users\/20"}],"replies":[{"embeddable":true,"href":"http:\/\/desarrollo.grupomedios.com\/futbol\/wp-json\/wp\/v2\/comments?post=490046"}],"version-history":[{"count":2,"href":"http:\/\/desarrollo.grupomedios.com\/futbol\/wp-json\/wp\/v2\/posts\/490046\/revisions"}],"predecessor-version":[{"id":490050,"href":"http:\/\/desarrollo.grupomedios.com\/futbol\/wp-json\/wp\/v2\/posts\/490046\/revisions\/490050"}],"wp:featuredmedia":[{"embeddable":true,"href":"http:\/\/desarrollo.grupomedios.com\/futbol\/wp-json\/wp\/v2\/media\/490048"}],"wp:attachment":[{"href":"http:\/\/desarrollo.grupomedios.com\/futbol\/wp-json\/wp\/v2\/media?parent=490046"}],"wp:term":[{"taxonomy":"category","embeddable":true,"href":"http:\/\/desarrollo.grupomedios.com\/futbol\/wp-json\/wp\/v2\/categories?post=490046"},{"taxonomy":"post_tag","embeddable":true,"href":"http:\/\/desarrollo.grupomedios.com\/futbol\/wp-json\/wp\/v2\/tags?post=490046"}],"curies":[{"name":"wp","href":"https:\/\/api.w.org\/{rel}","templated":true}]}}