{"id":490052,"date":"2017-07-24T16:33:07","date_gmt":"2017-07-24T21:33:07","guid":{"rendered":"https:\/\/www.futboltotal.com.mx\/?p=490052"},"modified":"2017-07-24T16:33:07","modified_gmt":"2017-07-24T21:33:07","slug":"toluca-anuncio-a-una-leyenda-refuerzo-duelo-ante-atletico-madrid","status":"publish","type":"post","link":"http:\/\/desarrollo.grupomedios.com\/futbol\/futbol-mexicano\/toluca-anuncio-a-una-leyenda-refuerzo-duelo-ante-atletico-madrid\/2017\/07","title":{"rendered":"Toluca anunci\u00f3 a una leyenda como refuerzo ante el Atl\u00e9tico"},"content":{"rendered":"<p>Los <em>Diablos Rojo<\/em>s del<strong> Toluca<\/strong> siguen con los festejos de su Centenario y para el duelo ante el <strong>Atl\u00e9tico de Madrid<\/strong> en la cancha del Nemesio D\u00edez, la directiva escarlata prepar\u00f3 una sorpresa.<\/p>\n<p>Aunque hace unos meses <strong>Antonio Naelson<\/strong> <strong>Sinha<\/strong> se retir\u00f3 como futbolista profesional, el mediocampista naturalizado mexicano regresar\u00e1 a las canchas para jugar con sus amados Diablos.<\/p>\n<p style=\"text-align: center;\"><span style=\"color: #3366ff;\"><a style=\"color: #3366ff;\" href=\"https:\/\/www.futboltotal.com.mx\/2017\/07\/ultimo-refuerzo-pumas-proveniente-espana\/\">VER M\u00c1S: \u00daltimo refuerzo de Pumas, proveniente de Espa\u00f1a<\/a><\/span><\/p>\n<p>A trav\u00e9s de su cuenta de Twitter, <strong>Toluca<\/strong> inform\u00f3 que <strong>Sinha<\/strong> ser\u00e1 parte del encuentro del Centenario ante el <strong>Atl\u00e9tico de Madrid<\/strong>.<\/p>\n<p style=\"text-align: center;\"><span style=\"color: #3366ff;\"><a style=\"color: #3366ff;\" href=\"https:\/\/www.futboltotal.com.mx\/2017\/07\/martinoli-no-aguanto-mas-ridiculo-mexico-es-cruz-azul-grande\/\">VER M\u00c1S: Martinoli no aguant\u00f3 m\u00e1s: \u201cRid\u00edculo, el Tri es el Cruz Azul grande\u201d<\/a><\/span><\/p>\n<p>https:\/\/twitter.com\/TolucaFC\/status\/889591192882696194<\/p>\n","protected":false},"excerpt":{"rendered":"<p>Un hist\u00f3rico del club volver\u00e1 a vestir la camiseta Escarlata.<\/p>\n","protected":false},"author":129,"featured_media":447571,"comment_status":"closed","ping_status":"closed","sticky":false,"template":"","format":"standard","meta":[],"categories":[2198,3845],"tags":[6007,64,278,5975],"_links":{"self":[{"href":"http:\/\/desarrollo.grupomedios.com\/futbol\/wp-json\/wp\/v2\/posts\/490052"}],"collection":[{"href":"http:\/\/desarrollo.grupomedios.com\/futbol\/wp-json\/wp\/v2\/posts"}],"about":[{"href":"http:\/\/desarrollo.grupomedios.com\/futbol\/wp-json\/wp\/v2\/types\/post"}],"author":[{"embeddable":true,"href":"http:\/\/desarrollo.grupomedios.com\/futbol\/wp-json\/wp\/v2\/users\/129"}],"replies":[{"embeddable":true,"href":"http:\/\/desarrollo.grupomedios.com\/futbol\/wp-json\/wp\/v2\/comments?post=490052"}],"version-history":[{"count":2,"href":"http:\/\/desarrollo.grupomedios.com\/futbol\/wp-json\/wp\/v2\/posts\/490052\/revisions"}],"predecessor-version":[{"id":490055,"href":"http:\/\/desarrollo.grupomedios.com\/futbol\/wp-json\/wp\/v2\/posts\/490052\/revisions\/490055"}],"wp:featuredmedia":[{"embeddable":true,"href":"http:\/\/desarrollo.grupomedios.com\/futbol\/wp-json\/wp\/v2\/media\/447571"}],"wp:attachment":[{"href":"http:\/\/desarrollo.grupomedios.com\/futbol\/wp-json\/wp\/v2\/media?parent=490052"}],"wp:term":[{"taxonomy":"category","embeddable":true,"href":"http:\/\/desarrollo.grupomedios.com\/futbol\/wp-json\/wp\/v2\/categories?post=490052"},{"taxonomy":"post_tag","embeddable":true,"href":"http:\/\/desarrollo.grupomedios.com\/futbol\/wp-json\/wp\/v2\/tags?post=490052"}],"curies":[{"name":"wp","href":"https:\/\/api.w.org\/{rel}","templated":true}]}}