{"id":490064,"date":"2017-07-24T17:48:57","date_gmt":"2017-07-24T22:48:57","guid":{"rendered":"https:\/\/www.futboltotal.com.mx\/?p=490064"},"modified":"2017-07-24T17:50:36","modified_gmt":"2017-07-24T22:50:36","slug":"jonathan-dos-santos-podria-salir-del-villarreal","status":"publish","type":"post","link":"http:\/\/desarrollo.grupomedios.com\/futbol\/destacado-home\/jonathan-dos-santos-podria-salir-del-villarreal\/2017\/07","title":{"rendered":"Jonathan Dos Santos podr\u00eda salir del Villarreal"},"content":{"rendered":"<p>La permanencia de <a href=\"https:\/\/www.futboltotal.com.mx\/2017\/07\/jonathan-dos-santos-se-comprometio-en-sus-vacaciones\/\" target=\"_blank\" rel=\"noopener noreferrer\"><span style=\"color: #333399;\"><strong>Jonathan Dos Santos<\/strong><\/span><\/a> en el <a href=\"https:\/\/www.futboltotal.com.mx\/2017\/05\/villarreal-tendria-en-la-mira-a-andre-pierre-gignac\/\" target=\"_blank\" rel=\"noopener noreferrer\"><span style=\"color: #333399;\"><strong>Villarreal<\/strong><\/span><\/a> podr\u00eda estar en peligro, tras la contrataci\u00f3n de <strong>Pablo Fornals<\/strong>, jugador espa\u00f1ol de caracter\u00edsticas similares a las del mexicano y que adem\u00e1s se desempe\u00f1a en la misma posici\u00f3n que el menor de los <strong>Dos Santos.<\/strong><\/p>\n<p style=\"text-align: center;\"><a href=\"https:\/\/www.futboltotal.com.mx\/2017\/07\/edgar-mendez-espera-con-ansias-duelo-ante-chivas\/\" target=\"_blank\" rel=\"noopener noreferrer\"><span style=\"color: #333399;\">VER M\u00c1S:\u00a0Edgar M\u00e9ndez espera con ansias el duelo ante Chivas<\/span><\/a><\/p>\n<p>Luego de que semanas atr\u00e1s <strong>Jos\u00e9 Manuel Llaneza<\/strong>, vicepresidente del <em>Submarino Amarillo<\/em>, declar\u00f3 que a no ser que un jugador saliera del club podr\u00edan fichar a otro.<\/p>\n<p style=\"text-align: center;\"><a href=\"https:\/\/www.futboltotal.com.mx\/2017\/07\/toluca-anuncio-a-una-leyenda-refuerzo-duelo-ante-atletico-madrid\/\" target=\"_blank\" rel=\"noopener noreferrer\"><span style=\"color: #333399;\">VER M\u00c1S:\u00a0Toluca anunci\u00f3 a una leyenda como refuerzo ante el Atl\u00e9tico<\/span><\/a><\/p>\n<p>Sin embargo, <em>Jona<\/em> desea continuar en <strong>Europa<\/strong> y espec\u00edficamente en el <strong>Villarreal<\/strong>, pero desde hace varias temporadas el nombre del mexicano ha sonado como moneda de cambio debido al inter\u00e9s de otros clubes por el mediocampista.<\/p>\n<p style=\"text-align: center;\"><a href=\"https:\/\/www.futboltotal.com.mx\/2017\/07\/presidente-pachuca-pide-a-osorio-escuche-a-la-aficion\/\" target=\"_blank\" rel=\"noopener noreferrer\"><span style=\"color: #333399;\">VER M\u00c1S:\u00a0Presidente de Pachuca pide a Osorio que escuche a la afici\u00f3n<\/span><\/a><\/p>\n","protected":false},"excerpt":{"rendered":"<p>Jonathan Dos Santos tendr\u00eda las horas contada en el Submarino Amarillo<\/p>\n","protected":false},"author":20,"featured_media":478598,"comment_status":"closed","ping_status":"closed","sticky":false,"template":"","format":"standard","meta":[],"categories":[5,3839,6718],"tags":[48,2607],"_links":{"self":[{"href":"http:\/\/desarrollo.grupomedios.com\/futbol\/wp-json\/wp\/v2\/posts\/490064"}],"collection":[{"href":"http:\/\/desarrollo.grupomedios.com\/futbol\/wp-json\/wp\/v2\/posts"}],"about":[{"href":"http:\/\/desarrollo.grupomedios.com\/futbol\/wp-json\/wp\/v2\/types\/post"}],"author":[{"embeddable":true,"href":"http:\/\/desarrollo.grupomedios.com\/futbol\/wp-json\/wp\/v2\/users\/20"}],"replies":[{"embeddable":true,"href":"http:\/\/desarrollo.grupomedios.com\/futbol\/wp-json\/wp\/v2\/comments?post=490064"}],"version-history":[{"count":1,"href":"http:\/\/desarrollo.grupomedios.com\/futbol\/wp-json\/wp\/v2\/posts\/490064\/revisions"}],"predecessor-version":[{"id":490066,"href":"http:\/\/desarrollo.grupomedios.com\/futbol\/wp-json\/wp\/v2\/posts\/490064\/revisions\/490066"}],"wp:featuredmedia":[{"embeddable":true,"href":"http:\/\/desarrollo.grupomedios.com\/futbol\/wp-json\/wp\/v2\/media\/478598"}],"wp:attachment":[{"href":"http:\/\/desarrollo.grupomedios.com\/futbol\/wp-json\/wp\/v2\/media?parent=490064"}],"wp:term":[{"taxonomy":"category","embeddable":true,"href":"http:\/\/desarrollo.grupomedios.com\/futbol\/wp-json\/wp\/v2\/categories?post=490064"},{"taxonomy":"post_tag","embeddable":true,"href":"http:\/\/desarrollo.grupomedios.com\/futbol\/wp-json\/wp\/v2\/tags?post=490064"}],"curies":[{"name":"wp","href":"https:\/\/api.w.org\/{rel}","templated":true}]}}