{"id":490076,"date":"2017-07-24T19:13:57","date_gmt":"2017-07-25T00:13:57","guid":{"rendered":"https:\/\/www.futboltotal.com.mx\/?p=490076"},"modified":"2017-07-24T19:15:20","modified_gmt":"2017-07-25T00:15:20","slug":"morata-quiere-romper-la-maldicion-del-9-con-el-chelsea","status":"publish","type":"post","link":"http:\/\/desarrollo.grupomedios.com\/futbol\/futbol-internacional\/morata-quiere-romper-la-maldicion-del-9-con-el-chelsea\/2017\/07","title":{"rendered":"Morata buscar\u00e1 romper la maldici\u00f3n del &#8216;9&#8217; en el Chelsea"},"content":{"rendered":"<p><a href=\"https:\/\/www.futboltotal.com.mx\/2017\/07\/morata-defiende-decision-de-salir-de-real-madrid\/\" target=\"_blank\" rel=\"noopener noreferrer\"><span style=\"color: #333399;\"><strong>\u00c1lvaro Morata<\/strong><\/span><\/a>, flamante refuerzo del <a href=\"https:\/\/www.futboltotal.com.mx\/2017\/07\/alvaro-morata-deja-real-madrid-fichar-chelsea\/\" target=\"_blank\" rel=\"noopener noreferrer\"><span style=\"color: #333399;\"><strong>Chelsea<\/strong><\/span><\/a> de la <a href=\"https:\/\/www.futboltotal.com.mx\/2017\/07\/equipo-premier-league-da-catedra-anunciar-fichaje\/\" target=\"_blank\" rel=\"noopener noreferrer\"><span style=\"color: #333399;\"><strong>Premier League<\/strong><\/span><\/a>, eligi\u00f3 portar el &#8216;9&#8217;, dorsal que le ha negado la gloria a los delanteros que han usado este n\u00famero con los <em>Blues<\/em>; sin embargo, una maldici\u00f3n parece haber ca\u00eddo sobre este d\u00edgito desde hace m\u00e1s de 12 a\u00f1os.<\/p>\n<p>Dicha situaci\u00f3n parece tener sin cuidado al <em>Artillero<\/em>, aunque a sus antecesores les caus\u00f3 grandes problemas, el caso m\u00e1s reciente es el del <a href=\"https:\/\/www.futboltotal.com.mx\/2017\/06\/falcao-confiesa-en-equipo-quiere-retirarse\/\" target=\"_blank\" rel=\"noopener noreferrer\"><span style=\"color: #333399;\"><strong>Radamel Falcao<\/strong><\/span><\/a>, ya que el colombiano no la pas\u00f3 nada bien con los de <strong>Stamford Bridge<\/strong>, anotando \u00fanicamente un gol.<\/p>\n<p style=\"text-align: center;\"><a href=\"https:\/\/www.futboltotal.com.mx\/2017\/07\/america-pierde-a-lainez-hasta-la-jornada-4\/\" target=\"_blank\" rel=\"noopener noreferrer\"><span style=\"color: #333399;\">VER M\u00c1S:\u00a0Am\u00e9rica pierde a Diego Lainez hasta la Jornada 4<\/span><\/a><\/p>\n<p>Otra de las v\u00edctimas fue <strong>Fernando Torres<\/strong>, quien vivi\u00f3 grandes momentos con el <strong>Liverpool<\/strong>, pero con los londinense\u00a0apenas logr\u00f3 anotar 20 tantos en cuatro temporadas.<\/p>\n<p>Otros de los grandes atacantes que vivieron las de <strong>Ca\u00edn<\/strong> con este n\u00famero fueron: <strong>Hern\u00e1n Crespo, Khalid Boulahrouz, Steve Sidwell<\/strong> y <strong>Franco Di Santo.<\/strong><\/p>\n<p style=\"text-align: center;\"><a href=\"https:\/\/www.futboltotal.com.mx\/2017\/07\/carlos-slim-y-grupo-pachuca-rompen-relaciones\/\" target=\"_blank\" rel=\"noopener noreferrer\"><span style=\"color: #333399;\">VER M\u00c1S:\u00a0\u00bfCarlos Slim y Grupo Pachuca rompen relaciones?<\/span><\/a><\/p>\n<p>&nbsp;<\/p>\n<blockquote class=\"instagram-media\" style=\"background: #FFF; border: 0; border-radius: 3px; box-shadow: 0 0 1px 0 rgba(0,0,0,0.5),0 1px 10px 0 rgba(0,0,0,0.15); margin: 1px; max-width: 658px; padding: 0; width: calc(100% - 2px);\" data-instgrm-captioned=\"\" data-instgrm-version=\"7\">\n<div style=\"padding: 8px;\">\n<div style=\"background: #F8F8F8; line-height: 0; margin-top: 40px; padding: 28.10185185185185% 0; text-align: center; width: 100%;\"><\/div>\n<p style=\"margin: 8px 0 0 0; padding: 0 4px;\"><a style=\"color: #000; font-family: Arial,sans-serif; font-size: 14px; font-style: normal; font-weight: normal; line-height: 17px; text-decoration: none; word-wrap: break-word;\" href=\"https:\/\/www.instagram.com\/p\/BW7gAQ0lq28\/\" target=\"_blank\" rel=\"noopener noreferrer\">@alvaromorata will wear the number 9\ufe0f\u20e3 shirt! #CFCTour #CFC #Chelsea<\/a><\/p>\n<p style=\"color: #c9c8cd; font-family: Arial,sans-serif; font-size: 14px; line-height: 17px; margin-bottom: 0; margin-top: 8px; overflow: hidden; padding: 8px 0 7px; text-align: center; text-overflow: ellipsis; white-space: nowrap;\">A post shared by Chelsea FC! &#x1f3c6; (@chelseafc) on <time style=\"font-family: Arial,sans-serif; font-size: 14px; line-height: 17px;\" datetime=\"2017-07-24T12:41:46+00:00\">Jul 24, 2017 at 5:41am PDT<\/time><\/p>\n<\/div>\n<\/blockquote>\n<p><script async defer src=\"\/\/platform.instagram.com\/en_US\/embeds.js\"><\/script><\/p>\n","protected":false},"excerpt":{"rendered":"<p>Morata quiere acabar con la malaria del n\u00famero &#8216;9&#8217;.<\/p>\n","protected":false},"author":20,"featured_media":490077,"comment_status":"closed","ping_status":"closed","sticky":false,"template":"","format":"standard","meta":[],"categories":[3839,3846],"tags":[3001,5981],"_links":{"self":[{"href":"http:\/\/desarrollo.grupomedios.com\/futbol\/wp-json\/wp\/v2\/posts\/490076"}],"collection":[{"href":"http:\/\/desarrollo.grupomedios.com\/futbol\/wp-json\/wp\/v2\/posts"}],"about":[{"href":"http:\/\/desarrollo.grupomedios.com\/futbol\/wp-json\/wp\/v2\/types\/post"}],"author":[{"embeddable":true,"href":"http:\/\/desarrollo.grupomedios.com\/futbol\/wp-json\/wp\/v2\/users\/20"}],"replies":[{"embeddable":true,"href":"http:\/\/desarrollo.grupomedios.com\/futbol\/wp-json\/wp\/v2\/comments?post=490076"}],"version-history":[{"count":1,"href":"http:\/\/desarrollo.grupomedios.com\/futbol\/wp-json\/wp\/v2\/posts\/490076\/revisions"}],"predecessor-version":[{"id":490078,"href":"http:\/\/desarrollo.grupomedios.com\/futbol\/wp-json\/wp\/v2\/posts\/490076\/revisions\/490078"}],"wp:featuredmedia":[{"embeddable":true,"href":"http:\/\/desarrollo.grupomedios.com\/futbol\/wp-json\/wp\/v2\/media\/490077"}],"wp:attachment":[{"href":"http:\/\/desarrollo.grupomedios.com\/futbol\/wp-json\/wp\/v2\/media?parent=490076"}],"wp:term":[{"taxonomy":"category","embeddable":true,"href":"http:\/\/desarrollo.grupomedios.com\/futbol\/wp-json\/wp\/v2\/categories?post=490076"},{"taxonomy":"post_tag","embeddable":true,"href":"http:\/\/desarrollo.grupomedios.com\/futbol\/wp-json\/wp\/v2\/tags?post=490076"}],"curies":[{"name":"wp","href":"https:\/\/api.w.org\/{rel}","templated":true}]}}