{"id":490079,"date":"2017-07-24T19:56:54","date_gmt":"2017-07-25T00:56:54","guid":{"rendered":"https:\/\/www.futboltotal.com.mx\/?p=490079"},"modified":"2017-07-24T19:58:41","modified_gmt":"2017-07-25T00:58:41","slug":"injusta-la-oferta-de-televisa-a-lobos-buap-jesus-martinez","status":"publish","type":"post","link":"http:\/\/desarrollo.grupomedios.com\/futbol\/futbol-mexicano\/injusta-la-oferta-de-televisa-a-lobos-buap-jesus-martinez\/2017\/07","title":{"rendered":"&#8220;Es injusta la oferta de Televisa para Lobos BUAP&#8221;: Jes\u00fas Mart\u00ednez"},"content":{"rendered":"<p><strong>Grupo Pachuca<\/strong>, encabezado por <a href=\"https:\/\/www.futboltotal.com.mx\/2017\/06\/jesus-martinez-la-venta-del-chucky-transferencia-record\/\" target=\"_blank\" rel=\"noopener noreferrer\"><span style=\"color: #333399;\"><strong>Jes\u00fas Mart\u00ednez<\/strong><\/span>,<\/a> apoya la decisi\u00f3n de los reci\u00e9n ascendidos <a href=\"https:\/\/www.futboltotal.com.mx\/2017\/07\/lobos-buap-iguala-en-debut-frente-a-santos\/\" target=\"_blank\" rel=\"noopener noreferrer\"><span style=\"color: #333399;\"><strong>Lobos BUAP<\/strong><\/span><\/a> de no aceptar el contrato que <span style=\"color: #333399;\"><a style=\"color: #333399;\" href=\"https:\/\/www.futboltotal.com.mx\/2017\/07\/televisa-arrasa-tv-azteca-en-todas-las-emisiones-confederaciones\/\" target=\"_blank\" rel=\"noopener noreferrer\"><strong>Televisa<\/strong><\/a><\/span> les ofreci\u00f3 por los derechos de transmisi\u00f3n de sus encuentros.<\/p>\n<p>El mandam\u00e1s de los <em>Tuzos<\/em> dijo que ya habl\u00f3 con lo dirigentes de la <strong>Liga MX<\/strong> y les hizo saber que ve injusta la oferta que le han hecho a los poblanos, cuyo debut en el <em>M\u00e1ximo Circuito<\/em> no fue televisado por ninguna empresa.<\/p>\n<p style=\"text-align: center;\"><span style=\"color: #333399;\"><a style=\"color: #333399;\" href=\"https:\/\/www.futboltotal.com.mx\/2017\/07\/morata-quiere-romper-la-maldicion-del-9-con-el-chelsea\/\" target=\"_blank\" rel=\"noopener noreferrer\">VER M\u00c1S:\u00a0Morata buscar\u00e1 romper la maldici\u00f3n del \u20189\u2019 en el Chelsea<\/a><\/span><\/p>\n<blockquote><p>\u201cSe lo acabo de decir a gente de la Liga y gente de la federaci\u00f3n que se me hace injusto porque aqu\u00ed es donde debemos estar todos unidos para apoyar a un equipo que ha hecho un gran esfuerzo, que est\u00e1 reci\u00e9n ascendido y que no le est\u00e1n haciendo una oferta como debe de ser en el futbol mexicano y en l\u00ednea con los valores actuales\u201d.<\/p>\n<p>\u201cYo me uno al apoyo a un equipo hermano y como siempre lo he dicho, no me importa que Pachuca y Le\u00f3n ganen menos mientras que los equipos ganen mejor, porque al estar mejor pagados el producto es de mayor calidad y los ratings aumentan, por eso tienen que hacer competencia\u201d.<\/p>\n<p style=\"text-align: center;\"><a href=\"https:\/\/www.futboltotal.com.mx\/2017\/07\/america-pierde-a-lainez-hasta-la-jornada-4\/\" target=\"_blank\" rel=\"noopener noreferrer\"><span style=\"color: #333399;\">VER M\u00c1S:\u00a0Am\u00e9rica pierde a Diego Lainez hasta la Jornada 4<\/span><\/a><\/p>\n<\/blockquote>\n<p>Se especula que los universitarios se encuentra negociando con una televisora de paga que les ofrece cuatro veces m\u00e1s de lo que pon\u00eda sobre la mesa Televisa, aunque los <em>Lic\u00e1ntropos<\/em> no se han pronunciado al respecto.<\/p>\n","protected":false},"excerpt":{"rendered":"<p>Gran gesto que Jes\u00fas Mart\u00ednez apoye a Lobos BUAP tras las injusticias<\/p>\n","protected":false},"author":20,"featured_media":489903,"comment_status":"closed","ping_status":"closed","sticky":false,"template":"","format":"standard","meta":[],"categories":[2198,3845],"tags":[2116,654,431,5968,4722],"_links":{"self":[{"href":"http:\/\/desarrollo.grupomedios.com\/futbol\/wp-json\/wp\/v2\/posts\/490079"}],"collection":[{"href":"http:\/\/desarrollo.grupomedios.com\/futbol\/wp-json\/wp\/v2\/posts"}],"about":[{"href":"http:\/\/desarrollo.grupomedios.com\/futbol\/wp-json\/wp\/v2\/types\/post"}],"author":[{"embeddable":true,"href":"http:\/\/desarrollo.grupomedios.com\/futbol\/wp-json\/wp\/v2\/users\/20"}],"replies":[{"embeddable":true,"href":"http:\/\/desarrollo.grupomedios.com\/futbol\/wp-json\/wp\/v2\/comments?post=490079"}],"version-history":[{"count":3,"href":"http:\/\/desarrollo.grupomedios.com\/futbol\/wp-json\/wp\/v2\/posts\/490079\/revisions"}],"predecessor-version":[{"id":490082,"href":"http:\/\/desarrollo.grupomedios.com\/futbol\/wp-json\/wp\/v2\/posts\/490079\/revisions\/490082"}],"wp:featuredmedia":[{"embeddable":true,"href":"http:\/\/desarrollo.grupomedios.com\/futbol\/wp-json\/wp\/v2\/media\/489903"}],"wp:attachment":[{"href":"http:\/\/desarrollo.grupomedios.com\/futbol\/wp-json\/wp\/v2\/media?parent=490079"}],"wp:term":[{"taxonomy":"category","embeddable":true,"href":"http:\/\/desarrollo.grupomedios.com\/futbol\/wp-json\/wp\/v2\/categories?post=490079"},{"taxonomy":"post_tag","embeddable":true,"href":"http:\/\/desarrollo.grupomedios.com\/futbol\/wp-json\/wp\/v2\/tags?post=490079"}],"curies":[{"name":"wp","href":"https:\/\/api.w.org\/{rel}","templated":true}]}}