{"id":490108,"date":"2017-07-25T07:00:55","date_gmt":"2017-07-25T12:00:55","guid":{"rendered":"https:\/\/www.futboltotal.com.mx\/?p=490108"},"modified":"2017-07-25T09:27:05","modified_gmt":"2017-07-25T14:27:05","slug":"presidente-toluca-le-pidio-al-nino-torres-se-vista-diablo","status":"publish","type":"post","link":"http:\/\/desarrollo.grupomedios.com\/futbol\/destacado-home\/presidente-toluca-le-pidio-al-nino-torres-se-vista-diablo\/2017\/07","title":{"rendered":"Presidente de Toluca le pidi\u00f3 al Ni\u00f1o Torres que &#8216;se vista de Diablo&#8217;"},"content":{"rendered":"<p>Previo al partido que tendr\u00e1n <strong>Toluca<\/strong> y Atl\u00e9tico de Madrid por el <span style=\"color: #3366ff;\"><a style=\"color: #3366ff;\" href=\"https:\/\/en-vivo.futboltotal.com.mx\/partido\/toluca-vs-atletico-de-madrid-partido-centenario\/150\/\" target=\"_blank\" rel=\"noopener noreferrer\">partido de Centenario<\/a><\/span> de los <em>Diablos Rojos<\/em>, las directivas de ambas instituciones tuvieron una peque\u00f1a convivencia.<\/p>\n<p>Ah\u00ed fue donde el Presidente y due\u00f1o de los escarlatas, Valent\u00edn D\u00edez Modoro, se acerc\u00f3 a platicar con <strong>Fernando Torres<\/strong>, delantero de los Colchoneros y le sugiri\u00f3 que formara parte de su equipo en alg\u00fan futuro.<\/p>\n<p>&#8220;Deber\u00edas de vestirte de diablo&#8221;, dijo el directivo de <strong>Toluca<\/strong> al <strong>Ni\u00f1o Torres<\/strong>.<\/p>\n<p style=\"text-align: center;\"><span style=\"color: #3366ff;\"><a style=\"color: #3366ff;\" href=\"https:\/\/www.futboltotal.com.mx\/2017\/07\/osorio-recibido-insultos-a-llegada-a-mexico\/\">VER M\u00c1S: Osorio es recibido con gritos e insultos a su llegada a M\u00e9xico<\/a><\/span><\/p>\n<p>https:\/\/twitter.com\/PressPortmx\/status\/889652054565806082<\/p>\n<p>El conjunto del Atl\u00e9tico de Madrid tuvo que entrenar en unas canchas de basquetbol debido a la lluvia, por lo que disfrutaron de una cascarita, as\u00ed lo dejaron ver en sus redes sociales.<\/p>\n<p>https:\/\/twitter.com\/TolucaFC\/status\/889643735163817984<\/p>\n<p>Toluca y Atl\u00e9tico de Madrid se enfrentar\u00e1n este martes en la cancha del estadio Nemesio D\u00edez.<\/p>\n","protected":false},"excerpt":{"rendered":"<p>El due\u00f1o de los Diablos quiere al delantero espa\u00f1ol en su equipo.<\/p>\n","protected":false},"author":20,"featured_media":481831,"comment_status":"closed","ping_status":"closed","sticky":false,"template":"","format":"standard","meta":[],"categories":[5,3839,2198,3845],"tags":[6007,6017,5975],"_links":{"self":[{"href":"http:\/\/desarrollo.grupomedios.com\/futbol\/wp-json\/wp\/v2\/posts\/490108"}],"collection":[{"href":"http:\/\/desarrollo.grupomedios.com\/futbol\/wp-json\/wp\/v2\/posts"}],"about":[{"href":"http:\/\/desarrollo.grupomedios.com\/futbol\/wp-json\/wp\/v2\/types\/post"}],"author":[{"embeddable":true,"href":"http:\/\/desarrollo.grupomedios.com\/futbol\/wp-json\/wp\/v2\/users\/20"}],"replies":[{"embeddable":true,"href":"http:\/\/desarrollo.grupomedios.com\/futbol\/wp-json\/wp\/v2\/comments?post=490108"}],"version-history":[{"count":2,"href":"http:\/\/desarrollo.grupomedios.com\/futbol\/wp-json\/wp\/v2\/posts\/490108\/revisions"}],"predecessor-version":[{"id":490112,"href":"http:\/\/desarrollo.grupomedios.com\/futbol\/wp-json\/wp\/v2\/posts\/490108\/revisions\/490112"}],"wp:featuredmedia":[{"embeddable":true,"href":"http:\/\/desarrollo.grupomedios.com\/futbol\/wp-json\/wp\/v2\/media\/481831"}],"wp:attachment":[{"href":"http:\/\/desarrollo.grupomedios.com\/futbol\/wp-json\/wp\/v2\/media?parent=490108"}],"wp:term":[{"taxonomy":"category","embeddable":true,"href":"http:\/\/desarrollo.grupomedios.com\/futbol\/wp-json\/wp\/v2\/categories?post=490108"},{"taxonomy":"post_tag","embeddable":true,"href":"http:\/\/desarrollo.grupomedios.com\/futbol\/wp-json\/wp\/v2\/tags?post=490108"}],"curies":[{"name":"wp","href":"https:\/\/api.w.org\/{rel}","templated":true}]}}