{"id":490132,"date":"2017-07-25T10:12:46","date_gmt":"2017-07-25T15:12:46","guid":{"rendered":"https:\/\/www.futboltotal.com.mx\/?p=490132"},"modified":"2017-07-25T10:12:46","modified_gmt":"2017-07-25T15:12:46","slug":"diego-lainez-estara-tri-america-al-mismo-tiempo","status":"publish","type":"post","link":"http:\/\/desarrollo.grupomedios.com\/futbol\/destacado-home\/diego-lainez-estara-tri-america-al-mismo-tiempo\/2017\/07","title":{"rendered":"Diego Lainez estar\u00e1 con el Tri y Am\u00e9rica al mismo tiempo"},"content":{"rendered":"<p>Luego que <strong>Diego Lainez<\/strong> fuera convocado con la <strong>Selecci\u00f3n Mexicana sub-17<\/strong> para preparar el <strong>Mundial de India<\/strong>, se dio a conocer que estar\u00e1 durante la semana con el <strong>Tri<\/strong> y los fines de semana con las <strong>\u00c1guilas<\/strong>.<\/p>\n<p>De acuerdo con <em>ESPN<\/em>, <strong>Lainez<\/strong> estar\u00e1 en los entrenamientos con el Tri, que enfrentar\u00e1 el\u00a0<strong>Torneo Cuatro Naciones<\/strong> frente a <strong>India, Chile y Colombia<\/strong>, sin embargo, los fines de semana regresar\u00e1 con Am\u00e9rica para disputar los partidos frente a <strong>Pumas y Pachuca<\/strong>.<\/p>\n<p style=\"text-align: center;\"><span style=\"color: #333399;\"><a style=\"color: #333399;\" href=\"https:\/\/www.futboltotal.com.mx\/2017\/07\/crack-la-jornada-1-enner-valencia\/\" target=\"_blank\" rel=\"noopener noreferrer\">VER M\u00c1S: Este fue el CRACK de la jornada 1\u00a0<\/a><\/span><\/p>\n<p>Lainez, estar\u00e1 las pr\u00f3ximas dos semanas entre la <strong>Selecci\u00f3n Mexicana<\/strong> y las <strong>\u00c1guilas del Am\u00e9rica<\/strong>.<\/p>\n<blockquote class=\"twitter-tweet\" data-lang=\"es\">\n<p dir=\"ltr\" lang=\"es\">&#x1f4c4; | NOTA | <a href=\"https:\/\/twitter.com\/hashtag\/Sub17?src=hash\">#Sub17<\/a> | Iniciamos concentraci\u00f3n en el CAR.<\/p>\n<p>Detalles: <a href=\"https:\/\/t.co\/hTTLOolkIf\">https:\/\/t.co\/hTTLOolkIf<\/a><a href=\"https:\/\/twitter.com\/hashtag\/Pasi%C3%B3nyOrgullo?src=hash\">#Pasi\u00f3nyOrgullo<\/a> <a href=\"https:\/\/t.co\/7JIWqTjugq\">pic.twitter.com\/7JIWqTjugq<\/a><\/p>\n<p>\u2014 Selecci\u00f3n Nacional (@miseleccionmx) <a href=\"https:\/\/twitter.com\/miseleccionmx\/status\/889608961988710403\">24 de julio de 2017<\/a><\/p><\/blockquote>\n<p><script async src=\"\/\/platform.twitter.com\/widgets.js\" charset=\"utf-8\"><\/script><\/p>\n<p style=\"text-align: center;\"><span style=\"color: #333399;\"><a style=\"color: #333399;\" href=\"https:\/\/www.futboltotal.com.mx\/2017\/07\/luis-reyes-estuvo-a-nada-irse-a-europa\/\" target=\"_blank\" rel=\"noopener noreferrer\">VER M\u00c1S: Este canterano de Atlas estuvo a nada de irse a Europa<\/a><\/span><\/p>\n","protected":false},"excerpt":{"rendered":"<p>El joven mediocampista tendr\u00e1 que reportar con el Tri sub-17 para preparar el Mundial<\/p>\n","protected":false},"author":20,"featured_media":482730,"comment_status":"closed","ping_status":"closed","sticky":false,"template":"","format":"standard","meta":[],"categories":[5,2198,3845,3847],"tags":[1585,5959,8357,8300,64,409],"_links":{"self":[{"href":"http:\/\/desarrollo.grupomedios.com\/futbol\/wp-json\/wp\/v2\/posts\/490132"}],"collection":[{"href":"http:\/\/desarrollo.grupomedios.com\/futbol\/wp-json\/wp\/v2\/posts"}],"about":[{"href":"http:\/\/desarrollo.grupomedios.com\/futbol\/wp-json\/wp\/v2\/types\/post"}],"author":[{"embeddable":true,"href":"http:\/\/desarrollo.grupomedios.com\/futbol\/wp-json\/wp\/v2\/users\/20"}],"replies":[{"embeddable":true,"href":"http:\/\/desarrollo.grupomedios.com\/futbol\/wp-json\/wp\/v2\/comments?post=490132"}],"version-history":[{"count":1,"href":"http:\/\/desarrollo.grupomedios.com\/futbol\/wp-json\/wp\/v2\/posts\/490132\/revisions"}],"predecessor-version":[{"id":490136,"href":"http:\/\/desarrollo.grupomedios.com\/futbol\/wp-json\/wp\/v2\/posts\/490132\/revisions\/490136"}],"wp:featuredmedia":[{"embeddable":true,"href":"http:\/\/desarrollo.grupomedios.com\/futbol\/wp-json\/wp\/v2\/media\/482730"}],"wp:attachment":[{"href":"http:\/\/desarrollo.grupomedios.com\/futbol\/wp-json\/wp\/v2\/media?parent=490132"}],"wp:term":[{"taxonomy":"category","embeddable":true,"href":"http:\/\/desarrollo.grupomedios.com\/futbol\/wp-json\/wp\/v2\/categories?post=490132"},{"taxonomy":"post_tag","embeddable":true,"href":"http:\/\/desarrollo.grupomedios.com\/futbol\/wp-json\/wp\/v2\/tags?post=490132"}],"curies":[{"name":"wp","href":"https:\/\/api.w.org\/{rel}","templated":true}]}}