{"id":490143,"date":"2017-07-25T10:49:41","date_gmt":"2017-07-25T15:49:41","guid":{"rendered":"https:\/\/www.futboltotal.com.mx\/?p=490143"},"modified":"2017-07-25T10:49:41","modified_gmt":"2017-07-25T15:49:41","slug":"futbol-mexicano-zinedine-zidane","status":"publish","type":"post","link":"http:\/\/desarrollo.grupomedios.com\/futbol\/futbol-mexicano\/futbol-mexicano-zinedine-zidane\/2017\/07","title":{"rendered":"Futbol Mexicano tiene su propio Zinedine Zidane"},"content":{"rendered":"<p>La figura de <strong>Zinedine Zidane<\/strong> es emblem\u00e1tica dentro del balompi\u00e9, sin embargo, el futbol mexicano ya tiene a su propio futbolista con el mismo nombre.<\/p>\n<p><strong>Zinedine Zidane Gonz\u00e1lez P\u00e9rez,\u00a0<\/strong>fue registrado en el equipo sub-15 de <strong>Monarcas Morelia<\/strong> y disput\u00f3 sus primeros minutos en el partido ante Necaxa que empataron a 2 goles.<\/p>\n<p style=\"text-align: center;\"><span style=\"color: #333399;\"><a style=\"color: #333399;\" href=\"https:\/\/www.futboltotal.com.mx\/2017\/07\/luis-reyes-estuvo-a-nada-irse-a-europa\/\" target=\"_blank\" rel=\"noopener noreferrer\">VER M\u00c1S: Luis Reyes estuvo cerca de ir a Europa<\/a><\/span><\/p>\n<p>El<strong> Zidane mexicano<\/strong> juega como delantero dentro de las Fuerzas B\u00e1sicas de los<strong> pur\u00e9pechas<\/strong> y tiene 15 a\u00f1os con 4 meses.<\/p>\n<p>Por otro lado, en la misma categor\u00eda, pero del club Santos, est\u00e1 registrado un futbolista bajo el nombre de<strong> Ronaldo Zinedin Hern\u00e1ndez Rodr\u00edguez<\/strong>, que tiene 14 a\u00f1os y juega como mediocampista.<\/p>\n<p style=\"text-align: center;\"><span style=\"color: #333399;\"><a style=\"color: #333399;\" href=\"https:\/\/www.futboltotal.com.mx\/2017\/07\/nino-torres-descarta-cualquier-posibilidad-jugar-en-mexico\/\" target=\"_blank\" rel=\"noopener noreferrer\">VER M\u00c1S: Ni\u00f1o Torres descarta posibilidad de jugar en M\u00e9xico<\/a><\/span><\/p>\n<p><a href=\"https:\/\/www.futboltotal.com.mx\/wp-content\/uploads\/2017\/07\/zidanes.jpg\"><img decoding=\"async\" loading=\"lazy\" class=\"alignnone size-full wp-image-490144\" src=\"https:\/\/www.futboltotal.com.mx\/wp-content\/uploads\/2017\/07\/zidanes.jpg\" alt=\"Futbol Mexicano tiene su propio Zinedine Zidane 0\" srcset=\"http:\/\/desarrollo.grupomedios.com\/futbol\/wp-content\/uploads\/2017\/07\/zidanes.jpg 960w, http:\/\/desarrollo.grupomedios.com\/futbol\/wp-content\/uploads\/2017\/07\/zidanes-150x150.jpg 150w, http:\/\/desarrollo.grupomedios.com\/futbol\/wp-content\/uploads\/2017\/07\/zidanes-300x300.jpg 300w, http:\/\/desarrollo.grupomedios.com\/futbol\/wp-content\/uploads\/2017\/07\/zidanes-768x768.jpg 768w\" sizes=\"(max-width: 960px) 100vw, 960px\" \/><\/a><\/p>\n<p>&nbsp;<\/p>\n<p>&nbsp;<\/p>\n","protected":false},"excerpt":{"rendered":"<p>El joven jugador, hom\u00f3nimo al franc\u00e9s, se encuentra en Monarcas Morelia y es delantero<\/p>\n","protected":false},"author":20,"featured_media":490142,"comment_status":"closed","ping_status":"closed","sticky":false,"template":"","format":"standard","meta":[],"categories":[2198,3845],"tags":[5967,9488,5972,2215],"_links":{"self":[{"href":"http:\/\/desarrollo.grupomedios.com\/futbol\/wp-json\/wp\/v2\/posts\/490143"}],"collection":[{"href":"http:\/\/desarrollo.grupomedios.com\/futbol\/wp-json\/wp\/v2\/posts"}],"about":[{"href":"http:\/\/desarrollo.grupomedios.com\/futbol\/wp-json\/wp\/v2\/types\/post"}],"author":[{"embeddable":true,"href":"http:\/\/desarrollo.grupomedios.com\/futbol\/wp-json\/wp\/v2\/users\/20"}],"replies":[{"embeddable":true,"href":"http:\/\/desarrollo.grupomedios.com\/futbol\/wp-json\/wp\/v2\/comments?post=490143"}],"version-history":[{"count":1,"href":"http:\/\/desarrollo.grupomedios.com\/futbol\/wp-json\/wp\/v2\/posts\/490143\/revisions"}],"predecessor-version":[{"id":490145,"href":"http:\/\/desarrollo.grupomedios.com\/futbol\/wp-json\/wp\/v2\/posts\/490143\/revisions\/490145"}],"wp:featuredmedia":[{"embeddable":true,"href":"http:\/\/desarrollo.grupomedios.com\/futbol\/wp-json\/wp\/v2\/media\/490142"}],"wp:attachment":[{"href":"http:\/\/desarrollo.grupomedios.com\/futbol\/wp-json\/wp\/v2\/media?parent=490143"}],"wp:term":[{"taxonomy":"category","embeddable":true,"href":"http:\/\/desarrollo.grupomedios.com\/futbol\/wp-json\/wp\/v2\/categories?post=490143"},{"taxonomy":"post_tag","embeddable":true,"href":"http:\/\/desarrollo.grupomedios.com\/futbol\/wp-json\/wp\/v2\/tags?post=490143"}],"curies":[{"name":"wp","href":"https:\/\/api.w.org\/{rel}","templated":true}]}}