{"id":490148,"date":"2017-07-25T11:31:33","date_gmt":"2017-07-25T16:31:33","guid":{"rendered":"https:\/\/www.futboltotal.com.mx\/?p=490148"},"modified":"2017-07-25T11:32:48","modified_gmt":"2017-07-25T16:32:48","slug":"var-debe-usarse-aunque-hubiera-valido-mi-gol-a-inglaterra-maradona","status":"publish","type":"post","link":"http:\/\/desarrollo.grupomedios.com\/futbol\/videos\/var-debe-usarse-aunque-hubiera-valido-mi-gol-a-inglaterra-maradona\/2017\/07","title":{"rendered":"VAR debe usarse, aunque con \u00e9l no hubiera valido mi gol a Inglaterra: Maradona"},"content":{"rendered":"<p>El argentino<strong> Diego Armando Maradona<\/strong> se ha mostrado partidario de la utilizaci\u00f3n de la tecnolog\u00eda en el f\u00fatbol, en concreto del videoarbitraje (VAR), aunque tambi\u00e9n ha reconocido que de haber existido en 1986, en el Mundial de M\u00e9xico, no se habr\u00eda concedido la denominada <em>mano de Dios<\/em>, su gol ante <strong>Inglaterra<\/strong>.<\/p>\n<p>&#8220;El f\u00fatbol no se puede quedar atr\u00e1s. Si la tecnolog\u00eda avanza como avanza, si todos los deportes la utilizan, \u00bfc\u00f3mo no vamos a considerarla para el f\u00fatbol?&#8221;, ha comentado <strong>Maradona<\/strong>, en declaraciones a la web de la FIFA.<\/p>\n<p style=\"text-align: center;\"><span style=\"color: #3366ff;\"><a style=\"color: #3366ff;\" href=\"https:\/\/www.futboltotal.com.mx\/2017\/07\/presidente-toluca-le-pidio-al-nino-torres-se-vista-diablo\/\">VER M\u00c1S: Presidente de Toluca le pidi\u00f3 al Ni\u00f1o Torres que \u2018se vista de Diablo\u2019<\/a><\/span><\/p>\n<p><strong>Maradona<\/strong>, al serle preguntado sobre el tiempo que se podr\u00eda perder con la utilizaci\u00f3n del <strong>VAR<\/strong> en los partidos, ha se\u00f1alado: &#8220;En el pasado se dec\u00eda que perder\u00edamos mucho tiempo, que la gente se fastidiar\u00eda. Pero no, viejo: \u00a1la gente se fastidia cuando le cobr\u00e1s algo que no es! Cuando no te cobran un gol que fue, por ejemplo. La tecnolog\u00eda trae transparencia y calidad; le da una respuesta positiva al equipo que decide atacar y asumir riesgos&#8221;.<\/p>\n<p>El astro argentino, asimismo, ha reconocido que cuando piensa en el <strong>VAR<\/strong> se le pasa por la cabeza el tanto anotado con la mano ante Inglaterra, en cuartos de final jugados en el estadio Azteca de M\u00e9xico, el 22 de junio de 1986, que era el primero de una Argentina que se impuso por 2-1. Adem\u00e1s, desvela otro tanto &#8220;ilegal&#8221;.<\/p>\n<p style=\"text-align: center;\"><span style=\"color: #3366ff;\"><a style=\"color: #3366ff;\" href=\"https:\/\/www.futboltotal.com.mx\/2017\/07\/chelis-sanchez-sola-regreso-a-dirigir-a-equipo-presos\/\">VER M\u00c1S: Chel\u00eds S\u00e1nchez Sol\u00e1 regres\u00f3 a dirigir a un equipo de presos<\/a><\/span><\/p>\n<p><iframe loading=\"lazy\" src=\"https:\/\/www.youtube.com\/embed\/iOAFWLm7tPg?start=29&#038;feature=oembed\" frameborder=\"0\" allowfullscreen><\/iframe><\/p>\n<p>&#8220;Me puse a pensar y, claro, con tecnolog\u00eda ese gol no habr\u00eda contado, no lo habr\u00edan convalidado. Y te digo m\u00e1s: en el Mundial de 1990 tambi\u00e9n us\u00e9 la mano contra la Uni\u00f3n Sovi\u00e9tica para despejar una pelota en la l\u00ednea nuestra. En aquel momento el \u00e1rbitro tampoco la vio, \u00a1tuvimos suerte! Pero en aquella \u00e9poca no hab\u00eda posibilidad de usar la tecnolog\u00eda, hoy es otra historia&#8221;, ha comentado.<\/p>\n<p>Eso si, Maradona tambi\u00e9n recuerda otro &#8220;error&#8221; mundialista. &#8220;No s\u00f3lo mi gol en el 86 no hubiese valido. \u00a1Ojo que Inglaterra gan\u00f3 el Mundial del 66 con una pelota que no cruz\u00f3 la l\u00ednea! La cosa es para todos&#8221;. ha apuntado.<\/p>\n<p style=\"text-align: center;\"><span style=\"color: #3366ff;\"><a style=\"color: #3366ff;\" href=\"https:\/\/www.futboltotal.com.mx\/2017\/07\/lucas-lobos-podria-retirarse-jugar-futbol-rapido\/\">VER M\u00c1S: Lucas Lobos podr\u00eda retirarse para jugar futbol r\u00e1pido<\/a><\/span><\/p>\n<p>&#8220;Lo mismo, pero al rev\u00e9s, pas\u00f3 en 2010. Aquel tiro de Lampard contra Alemania que cruz\u00f3 la raya y no se cobr\u00f3. Inglaterra ten\u00eda la pelota, meti\u00f3 el gol que merec\u00eda hacer. \u00a1Pero despu\u00e9s de esa jugada Alemania creci\u00f3 y cambi\u00f3 el partido por completo! Son muchas las jugadas que pudieron cambiar la historia de los Mundiales con el uso de la tecnolog\u00eda. Es hora de cambiar eso&#8221;, ha se\u00f1alado. EFE<\/p>\n<p><iframe loading=\"lazy\" src=\"https:\/\/www.youtube.com\/embed\/o5QlBHF6ib8?feature=oembed\" frameborder=\"0\" allowfullscreen><\/iframe><\/p>\n","protected":false},"excerpt":{"rendered":"<p>Maradona se ha mostrado partidario de la utilizaci\u00f3n de la tecnolog\u00eda en el f\u00fatbol.<\/p>\n","protected":false},"author":129,"featured_media":484739,"comment_status":"closed","ping_status":"closed","sticky":false,"template":"","format":"standard","meta":[],"categories":[3839,4],"tags":[5996,6214,603,249,9078],"_links":{"self":[{"href":"http:\/\/desarrollo.grupomedios.com\/futbol\/wp-json\/wp\/v2\/posts\/490148"}],"collection":[{"href":"http:\/\/desarrollo.grupomedios.com\/futbol\/wp-json\/wp\/v2\/posts"}],"about":[{"href":"http:\/\/desarrollo.grupomedios.com\/futbol\/wp-json\/wp\/v2\/types\/post"}],"author":[{"embeddable":true,"href":"http:\/\/desarrollo.grupomedios.com\/futbol\/wp-json\/wp\/v2\/users\/129"}],"replies":[{"embeddable":true,"href":"http:\/\/desarrollo.grupomedios.com\/futbol\/wp-json\/wp\/v2\/comments?post=490148"}],"version-history":[{"count":3,"href":"http:\/\/desarrollo.grupomedios.com\/futbol\/wp-json\/wp\/v2\/posts\/490148\/revisions"}],"predecessor-version":[{"id":490155,"href":"http:\/\/desarrollo.grupomedios.com\/futbol\/wp-json\/wp\/v2\/posts\/490148\/revisions\/490155"}],"wp:featuredmedia":[{"embeddable":true,"href":"http:\/\/desarrollo.grupomedios.com\/futbol\/wp-json\/wp\/v2\/media\/484739"}],"wp:attachment":[{"href":"http:\/\/desarrollo.grupomedios.com\/futbol\/wp-json\/wp\/v2\/media?parent=490148"}],"wp:term":[{"taxonomy":"category","embeddable":true,"href":"http:\/\/desarrollo.grupomedios.com\/futbol\/wp-json\/wp\/v2\/categories?post=490148"},{"taxonomy":"post_tag","embeddable":true,"href":"http:\/\/desarrollo.grupomedios.com\/futbol\/wp-json\/wp\/v2\/tags?post=490148"}],"curies":[{"name":"wp","href":"https:\/\/api.w.org\/{rel}","templated":true}]}}