{"id":490149,"date":"2017-07-25T11:30:36","date_gmt":"2017-07-25T16:30:36","guid":{"rendered":"https:\/\/www.futboltotal.com.mx\/?p=490149"},"modified":"2017-07-25T11:30:36","modified_gmt":"2017-07-25T16:30:36","slug":"america-recibe-a-edson-alvarez-zapes","status":"publish","type":"post","link":"http:\/\/desarrollo.grupomedios.com\/futbol\/futbol-mexicano\/america-recibe-a-edson-alvarez-zapes\/2017\/07","title":{"rendered":"Am\u00e9rica recibe a \u00c9dson \u00c1lvarez con zapes"},"content":{"rendered":"<p>Las <strong>\u00c1guilas del Am\u00e9rica<\/strong> tienen de regreso a uno de sus canteranos con mayor proyecci\u00f3n, <strong>\u00c9dson \u00c1lvarez<\/strong>, quien regres\u00f3 luego de su participaci\u00f3n con la <strong>Selecci\u00f3n Mexicana<\/strong> en la <strong>Copa Oro<\/strong>.<\/p>\n<p>Fue recibido de manera pesada por parte de sus compa\u00f1eros, pues a trav\u00e9s de Twitter, las <strong>\u00c1guilas<\/strong> subieron un video en el que se muestra c\u00f3mo le dieron la bienvenida a <strong>\u00c1lvarez<\/strong>.<\/p>\n<p style=\"text-align: center;\"><span style=\"color: #333399;\"><a style=\"color: #333399;\" href=\"https:\/\/www.futboltotal.com.mx\/2017\/07\/diego-lainez-estara-tri-america-al-mismo-tiempo\/\" target=\"_blank\" rel=\"noopener noreferrer\">VER M\u00c1S: Lainez estar\u00e1 con el Tri y Am\u00e9rica al mismo tiempo<\/a><\/span><\/p>\n<p><strong>El Piojo<\/strong> le da una patadita para iniciar y, sus compa\u00f1eros, haci\u00e9ndole un pasillo, lo reciben con zapes y patadas.<\/p>\n<blockquote class=\"twitter-video\" data-lang=\"es\">\n<p dir=\"ltr\" lang=\"es\">Bienvenido\u2757<a href=\"https:\/\/twitter.com\/EdsonAlvarez19\">@EdsonAlvarez19<\/a> siempre bien recibido en el Nido  \u270c<a href=\"https:\/\/twitter.com\/hashtag\/Siempre%C3%81guilas?src=hash\">#Siempre\u00c1guilas<\/a>  <a href=\"https:\/\/t.co\/5mOtPMMopi\">pic.twitter.com\/5mOtPMMopi<\/a><\/p>\n<p>\u2014 Club Am\u00e9rica (@ClubAmerica) <a href=\"https:\/\/twitter.com\/ClubAmerica\/status\/889872978770636801\">25 de julio de 2017<\/a><\/p><\/blockquote>\n<p><script async src=\"\/\/platform.twitter.com\/widgets.js\" charset=\"utf-8\"><\/script><\/p>\n<p style=\"text-align: center;\"><span style=\"color: #333399;\"><a style=\"color: #333399;\" href=\"https:\/\/www.futboltotal.com.mx\/2017\/07\/jonathan-dos-santos-podria-salir-del-villarreal\/\" target=\"_blank\" rel=\"noopener noreferrer\">VER M\u00c1S: Jonathan Dos Santos saldr\u00eda del Villarreal<\/a><\/span><\/p>\n","protected":false},"excerpt":{"rendered":"<p>El joven futbolista de los azulcremas, regres\u00f3 a Coapa despu\u00e9s de su participaci\u00f3n en la Copa Oro<\/p>\n","protected":false},"author":20,"featured_media":457978,"comment_status":"closed","ping_status":"closed","sticky":false,"template":"","format":"standard","meta":[],"categories":[2198,3845],"tags":[1585,5959,1934,7939],"_links":{"self":[{"href":"http:\/\/desarrollo.grupomedios.com\/futbol\/wp-json\/wp\/v2\/posts\/490149"}],"collection":[{"href":"http:\/\/desarrollo.grupomedios.com\/futbol\/wp-json\/wp\/v2\/posts"}],"about":[{"href":"http:\/\/desarrollo.grupomedios.com\/futbol\/wp-json\/wp\/v2\/types\/post"}],"author":[{"embeddable":true,"href":"http:\/\/desarrollo.grupomedios.com\/futbol\/wp-json\/wp\/v2\/users\/20"}],"replies":[{"embeddable":true,"href":"http:\/\/desarrollo.grupomedios.com\/futbol\/wp-json\/wp\/v2\/comments?post=490149"}],"version-history":[{"count":1,"href":"http:\/\/desarrollo.grupomedios.com\/futbol\/wp-json\/wp\/v2\/posts\/490149\/revisions"}],"predecessor-version":[{"id":490151,"href":"http:\/\/desarrollo.grupomedios.com\/futbol\/wp-json\/wp\/v2\/posts\/490149\/revisions\/490151"}],"wp:featuredmedia":[{"embeddable":true,"href":"http:\/\/desarrollo.grupomedios.com\/futbol\/wp-json\/wp\/v2\/media\/457978"}],"wp:attachment":[{"href":"http:\/\/desarrollo.grupomedios.com\/futbol\/wp-json\/wp\/v2\/media?parent=490149"}],"wp:term":[{"taxonomy":"category","embeddable":true,"href":"http:\/\/desarrollo.grupomedios.com\/futbol\/wp-json\/wp\/v2\/categories?post=490149"},{"taxonomy":"post_tag","embeddable":true,"href":"http:\/\/desarrollo.grupomedios.com\/futbol\/wp-json\/wp\/v2\/tags?post=490149"}],"curies":[{"name":"wp","href":"https:\/\/api.w.org\/{rel}","templated":true}]}}