{"id":490156,"date":"2017-07-25T11:59:47","date_gmt":"2017-07-25T16:59:47","guid":{"rendered":"https:\/\/www.futboltotal.com.mx\/?p=490156"},"modified":"2017-07-25T11:59:47","modified_gmt":"2017-07-25T16:59:47","slug":"chicharito-se-despidio-del-bayer-leverkusen-emotivo-mensaje","status":"publish","type":"post","link":"http:\/\/desarrollo.grupomedios.com\/futbol\/futbol-mexicano\/chicharito-se-despidio-del-bayer-leverkusen-emotivo-mensaje\/2017\/07","title":{"rendered":"Chicharito se despidi\u00f3 del Bayer Leverkusen con emotivo mensaje"},"content":{"rendered":"<p><strong>Javier Hern\u00e1ndez<\/strong> ha cerrado un ciclo con su traspaso al <strong>West Ham<\/strong>, donde estar\u00e1 participando la pr\u00f3xima temporada con vistas a ser titular en la Selecci\u00f3n Mexicana en la Copa del Mundo de Rusia 2018.<\/p>\n<p>Es por ello que <strong>Chicharito<\/strong> se ha despedido del Bayer Leverkusen, club en el que estuvo participando en las \u00faltimas dos temporadas y fue goleador del equipo.<\/p>\n<p>Fue trav\u00e9s de su cuenta oficial de Instagram, donde <strong>Chicharito<\/strong> escribi\u00f3 unas palabras a la directiva, cuerpo t\u00e9cnico, ex compa\u00f1eros y a los fieles seguidores del Bayer Leverkusen por todas las muestras de cari\u00f1o que recibi\u00f3 y por el aprendizaje que tuvo.<\/p>\n<p style=\"text-align: center;\"><span style=\"color: #3366ff;\"><a style=\"color: #3366ff;\" href=\"https:\/\/www.futboltotal.com.mx\/2017\/07\/chelis-sanchez-sola-regreso-a-dirigir-a-equipo-presos\/\">VER M\u00c1S: Chel\u00eds S\u00e1nchez Sol\u00e1 regres\u00f3 a dirigir a un equipo de presos<\/a>\u00a0<\/span><\/p>\n<blockquote class=\"instagram-media\" style=\"background: #FFF; border: 0; border-radius: 3px; box-shadow: 0 0 1px 0 rgba(0,0,0,0.5),0 1px 10px 0 rgba(0,0,0,0.15); margin: 1px; max-width: 658px; padding: 0; width: calc(100% - 2px);\" data-instgrm-captioned=\"\" data-instgrm-version=\"7\">\n<div style=\"padding: 8px;\">\n<p style=\"margin: 8px 0 0 0; padding: 0 4px;\"><a style=\"color: #000; font-family: Arial,sans-serif; font-size: 14px; font-style: normal; font-weight: normal; line-height: 17px; text-decoration: none; word-wrap: break-word;\" href=\"https:\/\/www.instagram.com\/p\/BW-S11JlBCD\/\" target=\"_blank\" rel=\"noopener noreferrer\">Quiero agradecer a Jonas Boldt, Roger Schmidt, Rudi V\u00f6ller, todos los jugadores y staff de @bayer04fussball y en especial a todos los aficionados del club por estos dos a\u00f1os de tanto crecimiento personal y futbol\u00edstico. Por haberme permitido jugar en la @bundesliga_en y por dejarme defender los colores de uno de los equipos m\u00e1s importantes en Alemania! MUCHAS GRACIAS! \u2022\u2022\u2022\u2022\u2022\u2022\u2022\u2022\u2022\u2022\u2022\u2022\u2022\u2022 I want to thank Jonas Boldt, Roger Schmidt and Rudi V\u00f6ler for such an amazing and tailored experience. Big thanks to each player and staff member from @bayer04fussball And the warmest &#8220;thank you&#8221; of all goes to every single Bayer fan for two years of unconditional support that has strongly contributed to the person and football player I am today. I feel honored to have played in the @bundesliga_en and having defended one of the most important teams in Germany! THANK YOU! \u2022\u2022\u2022\u2022\u2022\u2022\u2022\u2022\u2022\u2022\u2022\u2022\u2022\u2022 Ich m\u00f6chte mich bei Jonas Boldt, Roger Schmidt, Rudi V\u00f6ller, bei allen Spielern und dem gesamten Staff von @bayer04fussball sowie vor allem bei den Fans des Vereins bedanken, dass ich 2 Jahre lang die M\u00f6glichkeit hatte mich sowohl pers\u00f6nlich als auch fu\u00dfballerisch weiter zu entwickeln und dass man mir die Chance gab in der @bundesliga_en zu spielen und die Farben eines der wichtigsten Teams in Deutschland zu verteidigen! VIELEN DANK!<\/a><\/p>\n<p style=\"color: #c9c8cd; font-family: Arial,sans-serif; font-size: 14px; line-height: 17px; margin-bottom: 0; margin-top: 8px; overflow: hidden; padding: 8px 0 7px; text-align: center; text-overflow: ellipsis; white-space: nowrap;\">A post shared by Javier &#8220;Chicharito&#8221; Hernandez (@ch14_instagram) on <time style=\"font-family: Arial,sans-serif; font-size: 14px; line-height: 17px;\" datetime=\"2017-07-25T14:44:28+00:00\">Jul 25, 2017 at 7:44am PDT<\/time><\/p>\n<\/div>\n<\/blockquote>\n<p><script async defer src=\"\/\/platform.instagram.com\/en_US\/embeds.js\"><\/script><\/p>\n<p>Durante su paso por la Bundesliga, <strong>Chicharito<\/strong> marc\u00f3 39 goles en 76 partidos vistiendo la playera del Leverkusen en cerca de dos a\u00f1os.<\/p>\n<p>https:\/\/twitter.com\/bayer04_es\/status\/888095091289706496<\/p>\n","protected":false},"excerpt":{"rendered":"<p>El mexicano agradeci\u00f3 todo el cari\u00f1o de su ex equipo.<\/p>\n","protected":false},"author":20,"featured_media":436564,"comment_status":"closed","ping_status":"closed","sticky":false,"template":"","format":"standard","meta":[],"categories":[3839,2198],"tags":[4335,120,6214,1743],"_links":{"self":[{"href":"http:\/\/desarrollo.grupomedios.com\/futbol\/wp-json\/wp\/v2\/posts\/490156"}],"collection":[{"href":"http:\/\/desarrollo.grupomedios.com\/futbol\/wp-json\/wp\/v2\/posts"}],"about":[{"href":"http:\/\/desarrollo.grupomedios.com\/futbol\/wp-json\/wp\/v2\/types\/post"}],"author":[{"embeddable":true,"href":"http:\/\/desarrollo.grupomedios.com\/futbol\/wp-json\/wp\/v2\/users\/20"}],"replies":[{"embeddable":true,"href":"http:\/\/desarrollo.grupomedios.com\/futbol\/wp-json\/wp\/v2\/comments?post=490156"}],"version-history":[{"count":1,"href":"http:\/\/desarrollo.grupomedios.com\/futbol\/wp-json\/wp\/v2\/posts\/490156\/revisions"}],"predecessor-version":[{"id":490160,"href":"http:\/\/desarrollo.grupomedios.com\/futbol\/wp-json\/wp\/v2\/posts\/490156\/revisions\/490160"}],"wp:featuredmedia":[{"embeddable":true,"href":"http:\/\/desarrollo.grupomedios.com\/futbol\/wp-json\/wp\/v2\/media\/436564"}],"wp:attachment":[{"href":"http:\/\/desarrollo.grupomedios.com\/futbol\/wp-json\/wp\/v2\/media?parent=490156"}],"wp:term":[{"taxonomy":"category","embeddable":true,"href":"http:\/\/desarrollo.grupomedios.com\/futbol\/wp-json\/wp\/v2\/categories?post=490156"},{"taxonomy":"post_tag","embeddable":true,"href":"http:\/\/desarrollo.grupomedios.com\/futbol\/wp-json\/wp\/v2\/tags?post=490156"}],"curies":[{"name":"wp","href":"https:\/\/api.w.org\/{rel}","templated":true}]}}