{"id":490172,"date":"2017-07-25T15:27:36","date_gmt":"2017-07-25T20:27:36","guid":{"rendered":"https:\/\/www.futboltotal.com.mx\/?p=490172"},"modified":"2017-07-25T15:35:18","modified_gmt":"2017-07-25T20:35:18","slug":"tiago-volpi-podria-dejar-a-gallos-ir-a-europa","status":"publish","type":"post","link":"http:\/\/desarrollo.grupomedios.com\/futbol\/futbol-mexicano\/tiago-volpi-podria-dejar-a-gallos-ir-a-europa\/2017\/07","title":{"rendered":"Tiago Volpi podr\u00eda dejar a Gallos para ir a Europa"},"content":{"rendered":"<p><strong>Tiago Volpi<\/strong> podr\u00eda estar viviendo sus \u00faltimos momentos en <strong>Quer\u00e9taro<\/strong>, pues el <strong>Benfica<\/strong> de Portugal le est\u00e1 siguiendo la pista.<\/p>\n<p>De acuerdo a informaci\u00f3n del diario <em>A Bola<\/em>, <strong>Volpi<\/strong> est\u00e1 en la \u00f3rbita del conjunto portugu\u00e9s, donde se juntar\u00eda con el mexicano, <strong>Ra\u00fal Jim\u00e9nez.<\/strong><\/p>\n<p style=\"text-align: center;\"><span style=\"color: #333399;\"><a style=\"color: #333399;\" href=\"https:\/\/www.futboltotal.com.mx\/2017\/07\/chicharito-se-confiesa-fanatico-game-of-thrones\/\" target=\"_blank\" rel=\"noopener noreferrer\">VER M\u00c1S: Chicharito se confiesa fan\u00e1tico de Game Of Thrones<\/a><\/span><\/p>\n<p>Actualmente el guardameta de las<strong> \u00c1guilas<\/strong> es el veterano brasile\u00f1o, <strong>J\u00falio C\u00e9sar<\/strong>. Para hacerse con <strong>Volpi, Benfica<\/strong> deber\u00e1 desembolsar <strong>2 millones de\u00a0euros<\/strong>.<\/p>\n<p>Actualmente, <strong>Tiago Volpi<\/strong>, est\u00e1 vinculado con <strong>Gallos<\/strong> hasta 2019, pues\u00a0reci\u00e9n renov\u00f3 su contrato.<\/p>\n<p style=\"text-align: center;\"><span style=\"color: #333399;\"><a style=\"color: #333399;\" href=\"https:\/\/www.futboltotal.com.mx\/2017\/07\/leon-mandara-a-futbolista-mexicano-a-europa\/\" target=\"_blank\" rel=\"noopener noreferrer\">VER M\u00c1S: Le\u00f3n mandar\u00e1 a futbolista mexicano a Espa\u00f1a<\/a><\/span><\/p>\n<p><iframe loading=\"lazy\" src=\"https:\/\/www.youtube.com\/embed\/-iTAWpZQMoI?feature=oembed\" frameborder=\"0\" allowfullscreen><\/iframe><\/p>\n<p>&nbsp;<\/p>\n","protected":false},"excerpt":{"rendered":"<p>El arquero brasile\u00f1o podr\u00eda estar viviendo sus \u00faltimos momentos en la Liga MX<\/p>\n","protected":false},"author":20,"featured_media":490173,"comment_status":"closed","ping_status":"closed","sticky":false,"template":"","format":"standard","meta":[],"categories":[7740,2198,3845],"tags":[6060,590,64,5970,7541],"_links":{"self":[{"href":"http:\/\/desarrollo.grupomedios.com\/futbol\/wp-json\/wp\/v2\/posts\/490172"}],"collection":[{"href":"http:\/\/desarrollo.grupomedios.com\/futbol\/wp-json\/wp\/v2\/posts"}],"about":[{"href":"http:\/\/desarrollo.grupomedios.com\/futbol\/wp-json\/wp\/v2\/types\/post"}],"author":[{"embeddable":true,"href":"http:\/\/desarrollo.grupomedios.com\/futbol\/wp-json\/wp\/v2\/users\/20"}],"replies":[{"embeddable":true,"href":"http:\/\/desarrollo.grupomedios.com\/futbol\/wp-json\/wp\/v2\/comments?post=490172"}],"version-history":[{"count":3,"href":"http:\/\/desarrollo.grupomedios.com\/futbol\/wp-json\/wp\/v2\/posts\/490172\/revisions"}],"predecessor-version":[{"id":490176,"href":"http:\/\/desarrollo.grupomedios.com\/futbol\/wp-json\/wp\/v2\/posts\/490172\/revisions\/490176"}],"wp:featuredmedia":[{"embeddable":true,"href":"http:\/\/desarrollo.grupomedios.com\/futbol\/wp-json\/wp\/v2\/media\/490173"}],"wp:attachment":[{"href":"http:\/\/desarrollo.grupomedios.com\/futbol\/wp-json\/wp\/v2\/media?parent=490172"}],"wp:term":[{"taxonomy":"category","embeddable":true,"href":"http:\/\/desarrollo.grupomedios.com\/futbol\/wp-json\/wp\/v2\/categories?post=490172"},{"taxonomy":"post_tag","embeddable":true,"href":"http:\/\/desarrollo.grupomedios.com\/futbol\/wp-json\/wp\/v2\/tags?post=490172"}],"curies":[{"name":"wp","href":"https:\/\/api.w.org\/{rel}","templated":true}]}}