{"id":490180,"date":"2017-07-25T16:31:50","date_gmt":"2017-07-25T21:31:50","guid":{"rendered":"https:\/\/www.futboltotal.com.mx\/?p=490180"},"modified":"2017-07-25T16:57:31","modified_gmt":"2017-07-25T21:57:31","slug":"america-enfrentara-a-pachuca-en-la-jornada-2-con-equipo-completo","status":"publish","type":"post","link":"http:\/\/desarrollo.grupomedios.com\/futbol\/uncategorized\/america-enfrentara-a-pachuca-en-la-jornada-2-con-equipo-completo\/2017\/07","title":{"rendered":"Am\u00e9rica enfrentar\u00e1 a Pachuca con carro completo"},"content":{"rendered":"<p>El <span style=\"color: #333399;\"><a style=\"color: #333399;\" href=\"https:\/\/www.futboltotal.com.mx\/2017\/07\/america-recibe-a-edson-alvarez-zapes\/\" target=\"_blank\" rel=\"noopener noreferrer\"><strong>Club Am\u00e9rica <\/strong><\/a><\/span>por fin podr\u00e1 jugar con plantel completo tras 525 d\u00edas sin poder hacerlo a causa de las lesiones, expulsiones y dem\u00e1s, y lo har\u00e1 en la <strong>Jornada 2<\/strong> cuando visite a los<em> Tuzos<\/em> del <span style=\"color: #333399;\"><a style=\"color: #333399;\" href=\"https:\/\/www.futboltotal.com.mx\/2017\/07\/honda-compraria-derechos-transmision-pachuca-japon\/\" target=\"_blank\" rel=\"noopener noreferrer\"><strong>Pachuca<\/strong><\/a><\/span> en el <strong>Estadio Hidalgo<\/strong>, encuentro donde podr\u00e1 echar mano de jugadores como <strong><a href=\"https:\/\/www.futboltotal.com.mx\/2017\/04\/pablo-aguilar-enrique-triverio-viajan-a-europa\/\" target=\"_blank\" rel=\"noopener noreferrer\"><span style=\"color: #333399;\">Pablo Aguilar<\/span><\/a>, <a href=\"https:\/\/www.futboltotal.com.mx\/2017\/05\/cecilio-reconoce-america-sufre-sin-liguilla\/\" target=\"_blank\" rel=\"noopener noreferrer\"><span style=\"color: #333399;\">Cecilio Dom\u00ednguez<\/span><\/a>, <a href=\"https:\/\/www.futboltotal.com.mx\/2017\/03\/renato-ibarra-defiende-a-andres-andrade-tras-la-lesion\/\" target=\"_blank\" rel=\"noopener noreferrer\"><span style=\"color: #333399;\">Renato Ibarra<\/span><\/a><\/strong> y <a href=\"https:\/\/www.futboltotal.com.mx\/2017\/07\/america-ha-recibido-ofertas-europa-edson-alvarez\/\" target=\"_blank\" rel=\"noopener noreferrer\"><span style=\"color: #333399;\"><strong>\u00c9dson \u00c1lvarez.<\/strong><\/span><\/a><\/p>\n<p style=\"text-align: center;\"><a href=\"https:\/\/www.futboltotal.com.mx\/2017\/07\/ex-beisbolista-mexicano-asesina-a-sus-esposa-despues-se-suicida\/\" target=\"_blank\" rel=\"noopener noreferrer\"><span style=\"color: #333399;\">VER M\u00c1S:\u00a0Ex beisbolista mexicano asesina a sus esposa y despu\u00e9s se suicida<\/span><\/a><\/p>\n<p><strong>Miguel Herrera<\/strong> podr\u00e1 contar con equipo completo, por lo que al fin podr\u00e1 verse el verdadero potencial con el que cuenta el equipo capitalino, al recuperar a piezas claves en distintos sectores del campo.<\/p>\n<p><strong>Pablo Aguilar<\/strong> regresa al cuadro titular tras la suspensi\u00f3n de 10 encuentros por agredir a un \u00e1rbitro, mientras que <strong>Cecilio Dom\u00ednguez<\/strong> reaparecer\u00e1 luego de una lesi\u00f3n en el hombro izquierdo, adem\u00e1s de <strong>Renato Ibarra<\/strong>, quien super\u00f3 una molestia muscular sufrida en el duelo por la <strong>SuperCopa MX<\/strong> ante <em>Gallos.<\/em><\/p>\n<p style=\"text-align: center;\"><a href=\"https:\/\/www.futboltotal.com.mx\/2017\/07\/tiago-volpi-podria-dejar-a-gallos-ir-a-europa\/\" target=\"_blank\" rel=\"noopener noreferrer\"><span style=\"color: #333399;\">VER M\u00c1S: Tiago Volpi podr\u00eda dejar a Gallos para ir a Europa<\/span><\/a><\/p>\n<p>La \u00faltima incorporaci\u00f3n ser\u00e1 <strong>\u00c9dson \u00c1lvarez<\/strong>, quien se encontraba concentrado con Selecci\u00f3n Mexicana en sus diferentes compromisos.<\/p>\n","protected":false},"excerpt":{"rendered":"<p>Tuzos recibir\u00e1 a unas \u00c1guilas renovadas y completas.<\/p>\n","protected":false},"author":20,"featured_media":490183,"comment_status":"closed","ping_status":"closed","sticky":false,"template":"","format":"standard","meta":[],"categories":[5,2198,1],"tags":[5959,8357,7881,7939,3323,255,994,5968,7468],"_links":{"self":[{"href":"http:\/\/desarrollo.grupomedios.com\/futbol\/wp-json\/wp\/v2\/posts\/490180"}],"collection":[{"href":"http:\/\/desarrollo.grupomedios.com\/futbol\/wp-json\/wp\/v2\/posts"}],"about":[{"href":"http:\/\/desarrollo.grupomedios.com\/futbol\/wp-json\/wp\/v2\/types\/post"}],"author":[{"embeddable":true,"href":"http:\/\/desarrollo.grupomedios.com\/futbol\/wp-json\/wp\/v2\/users\/20"}],"replies":[{"embeddable":true,"href":"http:\/\/desarrollo.grupomedios.com\/futbol\/wp-json\/wp\/v2\/comments?post=490180"}],"version-history":[{"count":2,"href":"http:\/\/desarrollo.grupomedios.com\/futbol\/wp-json\/wp\/v2\/posts\/490180\/revisions"}],"predecessor-version":[{"id":490184,"href":"http:\/\/desarrollo.grupomedios.com\/futbol\/wp-json\/wp\/v2\/posts\/490180\/revisions\/490184"}],"wp:featuredmedia":[{"embeddable":true,"href":"http:\/\/desarrollo.grupomedios.com\/futbol\/wp-json\/wp\/v2\/media\/490183"}],"wp:attachment":[{"href":"http:\/\/desarrollo.grupomedios.com\/futbol\/wp-json\/wp\/v2\/media?parent=490180"}],"wp:term":[{"taxonomy":"category","embeddable":true,"href":"http:\/\/desarrollo.grupomedios.com\/futbol\/wp-json\/wp\/v2\/categories?post=490180"},{"taxonomy":"post_tag","embeddable":true,"href":"http:\/\/desarrollo.grupomedios.com\/futbol\/wp-json\/wp\/v2\/tags?post=490180"}],"curies":[{"name":"wp","href":"https:\/\/api.w.org\/{rel}","templated":true}]}}