{"id":490208,"date":"2017-07-25T18:15:37","date_gmt":"2017-07-25T23:15:37","guid":{"rendered":"https:\/\/www.futboltotal.com.mx\/?p=490208"},"modified":"2017-07-25T18:15:37","modified_gmt":"2017-07-25T23:15:37","slug":"chicharito-se-averguenza-de-aficion-mexicana-tras-abucheos-a-osorio","status":"publish","type":"post","link":"http:\/\/desarrollo.grupomedios.com\/futbol\/destacado-home\/chicharito-se-averguenza-de-aficion-mexicana-tras-abucheos-a-osorio\/2017\/07","title":{"rendered":"Chicharito se averg\u00fcenza de la afici\u00f3n mexicana tras abucheos a Osorio"},"content":{"rendered":"<p>El delantero del <a href=\"https:\/\/www.futboltotal.com.mx\/2017\/07\/west-ham-oficial-fichaje-chicharito-hernandez\/\" target=\"_blank\" rel=\"noopener noreferrer\"><span style=\"color: #333399;\"><strong>West Ham<\/strong><\/span><\/a> y de la <strong><a href=\"https:\/\/www.futboltotal.com.mx\/2017\/07\/resultado-mexico-0-1-jamaica-copa-oro-semifinales-cronica\/\" target=\"_blank\" rel=\"noopener noreferrer\"><span style=\"color: #333399;\">Selecci\u00f3n Mexicana<\/span><\/a>, <a href=\"https:\/\/www.futboltotal.com.mx\/2017\/07\/chicharito-siempre-sera-bienvenido-a-mi-equipo-jose-mourinho\/\" target=\"_blank\" rel=\"noopener noreferrer\"><span style=\"color: #333399;\">Javier Hern\u00e1ndez<\/span><\/a><\/strong>, dijo sentir verg\u00fcenza y tristeza por la reacci\u00f3n de los aficionados mexicanos tras la llegada del t\u00e9cnico <a href=\"https:\/\/www.futboltotal.com.mx\/2017\/07\/osorio-recibido-insultos-a-llegada-a-mexico\/\" target=\"_blank\" rel=\"noopener noreferrer\"><span style=\"color: #333399;\"><strong>Juan Carlos Osorio<\/strong><\/span><\/a> a la <strong>Ciudad de M\u00e9xico<\/strong>, luego de haber fracasado en <strong>Copa Oro<\/strong>, donde lo recibieron con insultos y abucheos.<\/p>\n<p>&nbsp;<\/p>\n<blockquote class=\"twitter-video\" data-lang=\"es\">\n<p dir=\"ltr\" lang=\"es\">Y aunque no fue mucha gente, s\u00ed que le tundieron a Juan Carlos Osorio a su regreso a M\u00e9xico tras el fiasco en la <a href=\"https:\/\/twitter.com\/hashtag\/CopaOro2017?src=hash\">#CopaOro2017<\/a> <a href=\"https:\/\/twitter.com\/hashtag\/FueraOsorio?src=hash\">#FueraOsorio<\/a> <a href=\"https:\/\/t.co\/4YD5D9rL3w\">pic.twitter.com\/4YD5D9rL3w<\/a><\/p>\n<p>\u2014 SanCadillaReforma (@SanCaReforma) <a href=\"https:\/\/twitter.com\/SanCaReforma\/status\/889680609551015936\">25 de julio de 2017<\/a><\/p><\/blockquote>\n<p><script async src=\"\/\/platform.twitter.com\/widgets.js\" charset=\"utf-8\"><\/script><\/p>\n<p>A trav\u00e9s de una carta publicada en su cuenta oficial de<strong> Twitter<\/strong>,<em> Chicharito<\/em> expres\u00f3 su sentir y reprob\u00f3 la conducta de la afici\u00f3n. Adem\u00e1s de considerar que no es posible que un deporte haga accionar, reaccionar y motive a la gente a comportarse as\u00ed.<\/p>\n<p>&nbsp;<\/p>\n<blockquote class=\"twitter-tweet\" data-lang=\"es\">\n<p dir=\"ltr\" lang=\"und\"><a href=\"https:\/\/twitter.com\/hashtag\/SomosM%C3%A1sLosBuenos?src=hash\">#SomosM\u00e1sLosBuenos<\/a> <a href=\"https:\/\/t.co\/A9ITQjFCxT\">pic.twitter.com\/A9ITQjFCxT<\/a><\/p>\n<p>\u2014 Chicharito Hernandez (@CH14_) <a href=\"https:\/\/twitter.com\/CH14_\/status\/889969165095903236\">25 de julio de 2017<\/a><\/p><\/blockquote>\n<p><script async src=\"\/\/platform.twitter.com\/widgets.js\" charset=\"utf-8\"><\/script><\/p>\n","protected":false},"excerpt":{"rendered":"<p>Chicharito defendi\u00f3 a capa y espada a Juan Carlos Osorio<\/p>\n","protected":false},"author":20,"featured_media":490213,"comment_status":"closed","ping_status":"closed","sticky":false,"template":"","format":"standard","meta":[],"categories":[5,3839,2198,6718,3847],"tags":[120,5985,6196,65],"_links":{"self":[{"href":"http:\/\/desarrollo.grupomedios.com\/futbol\/wp-json\/wp\/v2\/posts\/490208"}],"collection":[{"href":"http:\/\/desarrollo.grupomedios.com\/futbol\/wp-json\/wp\/v2\/posts"}],"about":[{"href":"http:\/\/desarrollo.grupomedios.com\/futbol\/wp-json\/wp\/v2\/types\/post"}],"author":[{"embeddable":true,"href":"http:\/\/desarrollo.grupomedios.com\/futbol\/wp-json\/wp\/v2\/users\/20"}],"replies":[{"embeddable":true,"href":"http:\/\/desarrollo.grupomedios.com\/futbol\/wp-json\/wp\/v2\/comments?post=490208"}],"version-history":[{"count":1,"href":"http:\/\/desarrollo.grupomedios.com\/futbol\/wp-json\/wp\/v2\/posts\/490208\/revisions"}],"predecessor-version":[{"id":490214,"href":"http:\/\/desarrollo.grupomedios.com\/futbol\/wp-json\/wp\/v2\/posts\/490208\/revisions\/490214"}],"wp:featuredmedia":[{"embeddable":true,"href":"http:\/\/desarrollo.grupomedios.com\/futbol\/wp-json\/wp\/v2\/media\/490213"}],"wp:attachment":[{"href":"http:\/\/desarrollo.grupomedios.com\/futbol\/wp-json\/wp\/v2\/media?parent=490208"}],"wp:term":[{"taxonomy":"category","embeddable":true,"href":"http:\/\/desarrollo.grupomedios.com\/futbol\/wp-json\/wp\/v2\/categories?post=490208"},{"taxonomy":"post_tag","embeddable":true,"href":"http:\/\/desarrollo.grupomedios.com\/futbol\/wp-json\/wp\/v2\/tags?post=490208"}],"curies":[{"name":"wp","href":"https:\/\/api.w.org\/{rel}","templated":true}]}}