{"id":490303,"date":"2017-07-25T23:04:47","date_gmt":"2017-07-26T04:04:47","guid":{"rendered":"https:\/\/www.futboltotal.com.mx\/?p=490303"},"modified":"2017-07-25T23:04:47","modified_gmt":"2017-07-26T04:04:47","slug":"resultados-leon-3-2-alebrijes-en-la-copa-mx","status":"publish","type":"post","link":"http:\/\/desarrollo.grupomedios.com\/futbol\/destacado-home\/resultados-leon-3-2-alebrijes-en-la-copa-mx\/2017\/07","title":{"rendered":"Le\u00f3n remonta a Alebrijes y gana en la Copa Mx"},"content":{"rendered":"<p><strong>Jorge Pereyra y Mauro Boselli<\/strong> encabezaron la remontada del <strong>Le\u00f3n<\/strong> tras un 0-2 adverso, y los Esmeraldas superaron 3-2 a los <em><strong>Alebrijes de Oaxaca<\/strong><\/em> en el duelo inicial del Grupo 6 de la <strong>Copa Mx<\/strong>.<\/p>\n<p>Los oaxaque\u00f1os se adelantaron en el marcador por medio de Mart\u00edn Z\u00fa\u00f1iga y Taufic Guarch, quienes al minuto 10 ya ten\u00edan a los visitantes con dos goles de ventaja.<\/p>\n<p style=\"text-align: center;\"><span style=\"color: #333399;\"><a style=\"color: #333399;\" href=\"https:\/\/www.futboltotal.com.mx\/2017\/07\/en-vivo-leon-vs-alebrijes-copa-mx-jornada-1\/\" target=\"_blank\" rel=\"noopener noreferrer\">VER M\u00c1S: As\u00ed se vivi\u00f3 el Le\u00f3n 3-2 Alebrijes de la Copa Mx<\/a><\/span><\/p>\n<p>Sin embargo, en la segunda mitad, y despu\u00e9s de la expulsi\u00f3n de Guarch, que dejar\u00eda con diez hombres a los Alebrijes, comenz\u00f3 la remontada de <em>La Fiera.<\/em><\/p>\n<p>&nbsp;<\/p>\n<blockquote class=\"twitter-video\" data-lang=\"es\">\n<p dir=\"ltr\" lang=\"und\"><a href=\"https:\/\/twitter.com\/hashtag\/NoTeLoPierdas?src=hash\">#NoTeLoPierdas<\/a><br \/>\n2do G\u26bd\u26bd\u26bdL de Jorge Pereyra<a href=\"https:\/\/twitter.com\/clubleonfc\">@clubleonfc<\/a> 2-2 <a href=\"https:\/\/twitter.com\/AlebrijesOaxaca\">@AlebrijesOaxaca<\/a> <a href=\"https:\/\/twitter.com\/hashtag\/J1AP2017?src=hash\">#J1AP2017<\/a> <a href=\"https:\/\/twitter.com\/hashtag\/CopaCoronaMX?src=hash\">#CopaCoronaMX<\/a> &#x1f3c6;<br \/>\n\u26bd <a href=\"https:\/\/twitter.com\/hashtag\/SienteTuLiga?src=hash\">#SienteTuLiga<\/a> \u26bd <a href=\"https:\/\/t.co\/OGYCFytSAV\">pic.twitter.com\/OGYCFytSAV<\/a><\/p>\n<p>\u2014 #CopaCoronaMX (@CopaCoronaMx) <a href=\"https:\/\/twitter.com\/CopaCoronaMx\/status\/890053883002847232\">26 de julio de 2017<\/a><\/p><\/blockquote>\n<p><script async src=\"\/\/platform.twitter.com\/widgets.js\" charset=\"utf-8\"><\/script><\/p>\n<p>Pereyra logr\u00f3 facturar primero en un tiro libre que remat\u00f3 a placer, y posteriormente con un remate de cabeza a primer poste que igual\u00f3 el marcador.<\/p>\n<p>Finalmente, ser\u00eda el mismo Pereyra quien sirvi\u00f3 a Boselli para sentenciar el 3-2 a favor, y el triunfo de Le\u00f3n.<\/p>\n<p>&nbsp;<\/p>\n<blockquote class=\"twitter-video\" data-lang=\"es\">\n<p dir=\"ltr\" lang=\"it\"><a href=\"https:\/\/twitter.com\/hashtag\/NoTeLoPierdas?src=hash\">#NoTeLoPierdas<\/a><br \/>\nG\u26bd\u26bd\u26bdL de Mauro Boselli<a href=\"https:\/\/twitter.com\/clubleonfc\">@clubleonfc<\/a> 3-2 <a href=\"https:\/\/twitter.com\/AlebrijesOaxaca\">@AlebrijesOaxaca<\/a> <a href=\"https:\/\/twitter.com\/hashtag\/J1AP2017?src=hash\">#J1AP2017<\/a> <a href=\"https:\/\/twitter.com\/hashtag\/CopaCoronaMX?src=hash\">#CopaCoronaMX<\/a> &#x1f3c6;<br \/>\n\u26bd <a href=\"https:\/\/twitter.com\/hashtag\/SienteTuLiga?src=hash\">#SienteTuLiga<\/a> \u26bd <a href=\"https:\/\/t.co\/OgqYeDz7l3\">pic.twitter.com\/OgqYeDz7l3<\/a><\/p>\n<p>\u2014 #CopaCoronaMX (@CopaCoronaMx) <a href=\"https:\/\/twitter.com\/CopaCoronaMx\/status\/890057395560382464\">26 de julio de 2017<\/a><\/p><\/blockquote>\n<p><script async src=\"\/\/platform.twitter.com\/widgets.js\" charset=\"utf-8\"><\/script><\/p>\n<p>&nbsp;<\/p>\n","protected":false},"excerpt":{"rendered":"<p>&#8216;La Fiera&#8217; tuvo que venir de atr\u00e1s de un 0-2 adverso, y logr\u00f3 darle la vuelta en su casa<\/p>\n","protected":false},"author":20,"featured_media":490307,"comment_status":"closed","ping_status":"closed","sticky":false,"template":"","format":"standard","meta":[],"categories":[4247,5,2198],"tags":[4191,285,5965],"_links":{"self":[{"href":"http:\/\/desarrollo.grupomedios.com\/futbol\/wp-json\/wp\/v2\/posts\/490303"}],"collection":[{"href":"http:\/\/desarrollo.grupomedios.com\/futbol\/wp-json\/wp\/v2\/posts"}],"about":[{"href":"http:\/\/desarrollo.grupomedios.com\/futbol\/wp-json\/wp\/v2\/types\/post"}],"author":[{"embeddable":true,"href":"http:\/\/desarrollo.grupomedios.com\/futbol\/wp-json\/wp\/v2\/users\/20"}],"replies":[{"embeddable":true,"href":"http:\/\/desarrollo.grupomedios.com\/futbol\/wp-json\/wp\/v2\/comments?post=490303"}],"version-history":[{"count":1,"href":"http:\/\/desarrollo.grupomedios.com\/futbol\/wp-json\/wp\/v2\/posts\/490303\/revisions"}],"predecessor-version":[{"id":490308,"href":"http:\/\/desarrollo.grupomedios.com\/futbol\/wp-json\/wp\/v2\/posts\/490303\/revisions\/490308"}],"wp:featuredmedia":[{"embeddable":true,"href":"http:\/\/desarrollo.grupomedios.com\/futbol\/wp-json\/wp\/v2\/media\/490307"}],"wp:attachment":[{"href":"http:\/\/desarrollo.grupomedios.com\/futbol\/wp-json\/wp\/v2\/media?parent=490303"}],"wp:term":[{"taxonomy":"category","embeddable":true,"href":"http:\/\/desarrollo.grupomedios.com\/futbol\/wp-json\/wp\/v2\/categories?post=490303"},{"taxonomy":"post_tag","embeddable":true,"href":"http:\/\/desarrollo.grupomedios.com\/futbol\/wp-json\/wp\/v2\/tags?post=490303"}],"curies":[{"name":"wp","href":"https:\/\/api.w.org\/{rel}","templated":true}]}}