{"id":490343,"date":"2017-07-26T09:08:06","date_gmt":"2017-07-26T14:08:06","guid":{"rendered":"https:\/\/www.futboltotal.com.mx\/?p=490343"},"modified":"2017-07-26T17:22:45","modified_gmt":"2017-07-26T22:22:45","slug":"en-belgica-ven-llegada-ochoa-mejor-la-victor-valdes","status":"publish","type":"post","link":"http:\/\/desarrollo.grupomedios.com\/futbol\/futbol-internacional\/en-belgica-ven-llegada-ochoa-mejor-la-victor-valdes\/2017\/07","title":{"rendered":"En B\u00e9lgica ven llegada de Ochoa mejor que la de V\u00edctor Vald\u00e9s"},"content":{"rendered":"<p>La llegada de el arquero, <strong>Guillermo Ochoa<\/strong>\u00a0ha causado mayor ilusi\u00f3n en los aficionados del <strong>Standard de Lieja<\/strong>, que la que existi\u00f3 en su momento por<strong>\u00a0V\u00edctor Vald\u00e9s.<\/strong><\/p>\n<p>\u201cPara los amantes del\u00a0<strong>Standard<\/strong>, la llegada de\u00a0<strong>Ochoa\u00a0<\/strong>es mejor que la de<strong>\u00a0V\u00edctor Vald\u00e9s\u00a0<\/strong>en enero del\u00a02016. Para ellos,\u00a0<strong>Ochoa\u00a0<\/strong>es una verdadera\u00a0estrella\u00a0mundial. Est\u00e1n muy felices y entusiasmados\u201d,\u00a0indic\u00f3 el periodista\u00a0Kevin Sauvage<strong>,\u00a0<\/strong>de <em>La DH\/Les Sports<\/em>, para el <em>diario R\u00e9cord<\/em>.<\/p>\n<p style=\"text-align: center;\"><span style=\"color: #333399;\"><a style=\"color: #333399;\" href=\"https:\/\/www.futboltotal.com.mx\/2017\/07\/diego-simeone-lleno-elogios-a-rubens-sambueza\/\" target=\"_blank\" rel=\"noopener noreferrer\">VER M\u00c1S: Simeone elogi\u00f3 a Rubens Sambueza<\/a><\/span><\/p>\n<p>Por otro lado, el tambi\u00e9n periodista,\u00a0Frank Dekeyser, expres\u00f3 que el arquero ha dejado una buena sensaci\u00f3n durante sus primeros partidos.<\/p>\n<p>\u201cLa llegada de\u00a0<strong>Ochoa\u00a0<\/strong>fue muy bien recibida. La mayor\u00eda de las personas tuvieron reacciones positivas. Se present\u00f3 y se ve que es un hombre con gran carisma y experiencia. \u00c9l dej\u00f3 una muy buena impresi\u00f3n en la conferencia de prensa y en su primer\u00a0<strong>partido<\/strong>\u201d, declar\u00f3.<\/p>\n<p style=\"text-align: center;\"><span style=\"color: #333399;\"><a style=\"color: #333399;\" href=\"https:\/\/www.futboltotal.com.mx\/2017\/07\/martin-rodriguez-fuera-seis-semanas-con-cruz-azul\/\" target=\"_blank\" rel=\"noopener noreferrer\">VER M\u00c1S: Este jugador de Cruz Azul estar\u00e1 6 semanas fuera\u00a0<\/a><\/span><\/p>\n","protected":false},"excerpt":{"rendered":"<p>El guardameta mexicano ha creado mayor furor y expectativa que el espa\u00f1ol<\/p>\n","protected":false},"author":20,"featured_media":488143,"comment_status":"closed","ping_status":"closed","sticky":false,"template":"","format":"standard","meta":[],"categories":[3839],"tags":[599,5991,2252,2145],"_links":{"self":[{"href":"http:\/\/desarrollo.grupomedios.com\/futbol\/wp-json\/wp\/v2\/posts\/490343"}],"collection":[{"href":"http:\/\/desarrollo.grupomedios.com\/futbol\/wp-json\/wp\/v2\/posts"}],"about":[{"href":"http:\/\/desarrollo.grupomedios.com\/futbol\/wp-json\/wp\/v2\/types\/post"}],"author":[{"embeddable":true,"href":"http:\/\/desarrollo.grupomedios.com\/futbol\/wp-json\/wp\/v2\/users\/20"}],"replies":[{"embeddable":true,"href":"http:\/\/desarrollo.grupomedios.com\/futbol\/wp-json\/wp\/v2\/comments?post=490343"}],"version-history":[{"count":2,"href":"http:\/\/desarrollo.grupomedios.com\/futbol\/wp-json\/wp\/v2\/posts\/490343\/revisions"}],"predecessor-version":[{"id":490469,"href":"http:\/\/desarrollo.grupomedios.com\/futbol\/wp-json\/wp\/v2\/posts\/490343\/revisions\/490469"}],"wp:featuredmedia":[{"embeddable":true,"href":"http:\/\/desarrollo.grupomedios.com\/futbol\/wp-json\/wp\/v2\/media\/488143"}],"wp:attachment":[{"href":"http:\/\/desarrollo.grupomedios.com\/futbol\/wp-json\/wp\/v2\/media?parent=490343"}],"wp:term":[{"taxonomy":"category","embeddable":true,"href":"http:\/\/desarrollo.grupomedios.com\/futbol\/wp-json\/wp\/v2\/categories?post=490343"},{"taxonomy":"post_tag","embeddable":true,"href":"http:\/\/desarrollo.grupomedios.com\/futbol\/wp-json\/wp\/v2\/tags?post=490343"}],"curies":[{"name":"wp","href":"https:\/\/api.w.org\/{rel}","templated":true}]}}