{"id":490361,"date":"2017-07-26T09:47:43","date_gmt":"2017-07-26T14:47:43","guid":{"rendered":"https:\/\/www.futboltotal.com.mx\/?p=490361"},"modified":"2017-07-26T09:47:43","modified_gmt":"2017-07-26T14:47:43","slug":"galaxy-consigue-a-jonathan-dos-santos-se-unira-a-giovani","status":"publish","type":"post","link":"http:\/\/desarrollo.grupomedios.com\/futbol\/destacado-home\/galaxy-consigue-a-jonathan-dos-santos-se-unira-a-giovani\/2017\/07","title":{"rendered":"El Galaxy ya tendr\u00eda acuerdo para fichar a Jonathan dos Santos"},"content":{"rendered":"<p class=\"DETALLE_N_titulo \"><span id=\"ctl14_lblMostra\">El <strong>Villarreal<\/strong> ha llegado a un acuerdo con el <strong>LA Galaxy<\/strong> para traspasar al centrocampista mexicano <strong>Jonathan Dos Santos<\/strong> a\u00a0la <strong>MLS<\/strong>, informaron varias fuentes period\u00edsticas.<\/p>\n<p>El acuerdo establece que el <strong>Galaxy<\/strong> tendr\u00e1 que pagar 5\u00a0millones de d\u00f3lares al <strong>Villarreal<\/strong>, mientras que el equipo angelino se encuentra en negociaciones con <strong>Dos Santos<\/strong> para cerrar el contrato que permita al nuevo jugador unirse a su hermano <strong>Giovani<\/strong>, que juega su segunda temporada con el mismo club.<\/p>\n<p>Aunque oficialmente el <strong>Galaxy<\/strong> no ha dado a conocer el fichaje de <strong>Jonathan dos Santos<\/strong>, se espera que lo haga en las pr\u00f3ximas horas y el nuevo jugador llegar\u00e1 con la categor\u00eda de Designado, como lo est\u00e1 su hermano.<\/span><\/p>\n<p class=\"DETALLE_N_titulo \" style=\"text-align: center;\"><span id=\"ctl14_lblMostra\"><a href=\"https:\/\/www.futboltotal.com.mx\/2017\/07\/chicharito-ya-version-despacito-al-estilo-west-ham\/\" target=\"_blank\" rel=\"noopener noreferrer\"><span style=\"color: #333399;\">VER M\u00c1S: Chicharito ya tiene su versi\u00f3n de &#8216;Despacito&#8217; al estilo West Ham<\/span><\/a><\/span><\/p>\n<p class=\"DETALLE_N_titulo \"><span id=\"ctl14_lblMostra\">De acuerdo al peri\u00f3dico local &#8220;El Mediterr\u00e1neo&#8221;, dos Santos no entren\u00f3 el lunes, despu\u00e9s que el Villarreal ya hab\u00eda llegado a un acuerdo de principio para la salida del jugador mexicano.<\/p>\n<p><strong>Jonathan dos Santos<\/strong>, de 27 a\u00f1os, volvi\u00f3 a los entrenamientos del <strong>Villarreal<\/strong> despu\u00e9s que acab\u00f3 su participaci\u00f3n con la selecci\u00f3n de <strong>M\u00e9xico<\/strong> en la <strong>Copa Confederaciones,<\/strong> que se disput\u00f3 en Rusia, pero el equipo le dio m\u00e1s d\u00edas de descanso y les permitiese negociar con el Galaxy su traspaso al f\u00fatbol de la MLS.<\/p>\n<p>Mientras que el Galaxy, que ya tiene a tres jugadores con la categor\u00eda de Designados, Giovani, de 28 a\u00f1os, el franc\u00e9s <strong>Romain Alessandrini<\/strong> y el belga <strong>Jelle Van Damme<\/strong>, ha podido, a partir del 15 de julio, pagarle a \u00e9ste \u00faltimo el salario base de 600.000 d\u00f3lares con el dinero que le permite la figura del disponible.<\/span><\/p>\n<p class=\"DETALLE_N_titulo \" style=\"text-align: center;\"><span id=\"ctl14_lblMostra\"><a href=\"https:\/\/www.futboltotal.com.mx\/2017\/07\/psg-cerraria-negociacion-neymar-esta-semana\/\" target=\"_blank\" rel=\"noopener noreferrer\"><span style=\"color: #333399;\">VER M\u00c1S: El PSG cerrar\u00eda el fichaje de Neymar esta misma semana<\/span><\/a><\/span><\/p>\n<p class=\"DETALLE_N_titulo \"><span id=\"ctl14_lblMostra\">Lo anterior significa que <strong>Jonathan dos Santos<\/strong> llegar\u00e1 como Jugador Designado para ocupar el puesto de Van Damme.<\/p>\n<p>Por su parte, el <strong>Villarreal<\/strong> ya tiene como reemplazo de Dos Santos <a href=\"https:\/\/www.futboltotal.com.mx\/2017\/07\/jonathan-dos-santos-podria-salir-del-villarreal\/\" target=\"_blank\" rel=\"noopener noreferrer\"><span style=\"color: #333399;\">al centrocampista del M\u00e1laga, Pablo Fornals<\/span><\/a>, por quien pag\u00f3 la cl\u00e1usula de rescisi\u00f3n de contrato que ascendi\u00f3 a 12 millones de euros (14 millones de d\u00f3lares) y cinco temporadas.<\/p>\n<p><strong>Jonathan Dos Santos<\/strong>, que la pasada temporada marc\u00f3 dos goles y dio tres asistencias con el <strong>Villarreal<\/strong>, anteriormente, se hab\u00eda formado con su hermano <strong>Giovani<\/strong> en La Mas\u00eda\u00a0del <strong>Barcelona<\/strong>, hasta que \u00e9ste m\u00e1s tarde se ir\u00eda al <strong>Tottenham<\/strong>, en el 2008.<\/span><\/p>\n<p class=\"DETALLE_N_titulo \" style=\"text-align: center;\"><span id=\"ctl14_lblMostra\"><a href=\"https:\/\/www.futboltotal.com.mx\/2017\/07\/novia-matheus-uribe-comenzo-a-seguir-a-tigres\/\" target=\"_blank\" rel=\"noopener noreferrer\"><span style=\"color: #333399;\">VER M\u00c1S: Novia de Matheus Uribe comenz\u00f3 a seguir a Tigres<\/span><\/a><\/span><\/p>\n<p class=\"DETALLE_N_titulo \"><span id=\"ctl14_lblMostra\">Los hermanos Dos Santos ya estuvieron juntos en el Villarreal, cuando Jonathan lleg\u00f3 en el 2014 tras abandonar el Barcelona, y Giovani ya estaba en el club, que dej\u00f3 en el 2015 para llegar precisamente al Galaxy.<\/p>\n<p>El equipo angelino no esta teniendo su mejor temporada, la primera bajo el nuevo entrenador Curt Onalfo, que ocup\u00f3 el puesto de Bruce Arena, actual responsable de la selecci\u00f3n de Estados Unidos, desde el pasado noviembre.<\/p>\n<p>Bajo la direcci\u00f3n de Onalfo, el Galaxy solo ha logrado 22 puntos en 20 partidos con seis triunfos y est\u00e1 fuera de la lista de los seis primeros de la Conferfencia Oeste que tienen derecho a disputar los playoffs.<\/span><\/p>\n<div id=\"texto\" class=\"texto_txt\"><\/div>\n","protected":false},"excerpt":{"rendered":"<p>Parece inminente la reuni\u00f3n de Jona con su hermano Giovani en la MLS.<\/p>\n","protected":false},"author":144,"featured_media":490362,"comment_status":"closed","ping_status":"closed","sticky":false,"template":"","format":"standard","meta":[],"categories":[5,7740,3839,3844,6718,7580],"tags":[48,1098,195,2607],"_links":{"self":[{"href":"http:\/\/desarrollo.grupomedios.com\/futbol\/wp-json\/wp\/v2\/posts\/490361"}],"collection":[{"href":"http:\/\/desarrollo.grupomedios.com\/futbol\/wp-json\/wp\/v2\/posts"}],"about":[{"href":"http:\/\/desarrollo.grupomedios.com\/futbol\/wp-json\/wp\/v2\/types\/post"}],"author":[{"embeddable":true,"href":"http:\/\/desarrollo.grupomedios.com\/futbol\/wp-json\/wp\/v2\/users\/144"}],"replies":[{"embeddable":true,"href":"http:\/\/desarrollo.grupomedios.com\/futbol\/wp-json\/wp\/v2\/comments?post=490361"}],"version-history":[{"count":1,"href":"http:\/\/desarrollo.grupomedios.com\/futbol\/wp-json\/wp\/v2\/posts\/490361\/revisions"}],"predecessor-version":[{"id":490365,"href":"http:\/\/desarrollo.grupomedios.com\/futbol\/wp-json\/wp\/v2\/posts\/490361\/revisions\/490365"}],"wp:featuredmedia":[{"embeddable":true,"href":"http:\/\/desarrollo.grupomedios.com\/futbol\/wp-json\/wp\/v2\/media\/490362"}],"wp:attachment":[{"href":"http:\/\/desarrollo.grupomedios.com\/futbol\/wp-json\/wp\/v2\/media?parent=490361"}],"wp:term":[{"taxonomy":"category","embeddable":true,"href":"http:\/\/desarrollo.grupomedios.com\/futbol\/wp-json\/wp\/v2\/categories?post=490361"},{"taxonomy":"post_tag","embeddable":true,"href":"http:\/\/desarrollo.grupomedios.com\/futbol\/wp-json\/wp\/v2\/tags?post=490361"}],"curies":[{"name":"wp","href":"https:\/\/api.w.org\/{rel}","templated":true}]}}